{"id":102393,"date":"2021-06-04T11:50:41","date_gmt":"2021-06-04T14:50:41","guid":{"rendered":"http:\/\/blitzconquista.com.br\/?p=102393"},"modified":"2021-06-04T12:17:31","modified_gmt":"2021-06-04T15:17:31","slug":"tenente-coronel-braga-explica-o-motivo-da-sua-exoneracao","status":"publish","type":"post","link":"https:\/\/blitzconquista.com.br\/?p=102393","title":{"rendered":"Tenente-coronel Braga explica o motivo da sua exonera\u00e7\u00e3o"},"content":{"rendered":"<figure id=\"attachment_102396\" aria-describedby=\"caption-attachment-102396\" style=\"width: 600px\" class=\"wp-caption aligncenter\"><img decoding=\"async\" loading=\"lazy\" class=\"wp-image-102396 size-full\" src=\"http:\/\/blitzconquista.com.br\/wp-content\/uploads\/2021\/06\/Posse-do-comandante-da-Guarda-Municipal-10-01-3-e1578700485419.jpg\" alt=\"\" width=\"600\" height=\"400\" srcset=\"https:\/\/blitzconquista.com.br\/wp-content\/uploads\/2021\/06\/Posse-do-comandante-da-Guarda-Municipal-10-01-3-e1578700485419.jpg 600w, https:\/\/blitzconquista.com.br\/wp-content\/uploads\/2021\/06\/Posse-do-comandante-da-Guarda-Municipal-10-01-3-e1578700485419-300x200.jpg 300w, https:\/\/blitzconquista.com.br\/wp-content\/uploads\/2021\/06\/Posse-do-comandante-da-Guarda-Municipal-10-01-3-e1578700485419-414x276.jpg 414w, https:\/\/blitzconquista.com.br\/wp-content\/uploads\/2021\/06\/Posse-do-comandante-da-Guarda-Municipal-10-01-3-e1578700485419-470x313.jpg 470w, https:\/\/blitzconquista.com.br\/wp-content\/uploads\/2021\/06\/Posse-do-comandante-da-Guarda-Municipal-10-01-3-e1578700485419-130x86.jpg 130w, https:\/\/blitzconquista.com.br\/wp-content\/uploads\/2021\/06\/Posse-do-comandante-da-Guarda-Municipal-10-01-3-e1578700485419-187x124.jpg 187w\" sizes=\"(max-width: 600px) 100vw, 600px\" \/><figcaption id=\"caption-attachment-102396\" class=\"wp-caption-text\">Cerim\u00f4nia de posse da Guarda Municipal\u00a0 em 10 de janeiro de 2020<\/figcaption><\/figure>\n<p><span data-contrast=\"auto\">O Tenente-ooronel, ex-comandante da guarda municipal de Vit\u00f3ria da Conquista explicou os motivos da sua exonera\u00e7\u00e3o (a pedido) do posto ao programa Reda\u00e7\u00e3o Brasil, na manh\u00e3 desta sexta-feira (4).<\/span><span data-ccp-props=\"{&quot;201341983&quot;:0,&quot;335559739&quot;:160,&quot;335559740&quot;:259}\">\u00a0<\/span><\/p>\n<p><span data-contrast=\"auto\">Empossado em 10 de janeiro de 2020, o ex-comandante da guarda municipal, ao que tudo indica, n\u00e3o gozava de prest\u00edgio junto \u00e0 prefeita. Ou, talvez n\u00e3o\u00a0o tinha como desejava.<\/span><span data-ccp-props=\"{&quot;201341983&quot;:0,&quot;335559739&quot;:160,&quot;335559740&quot;:259}\">\u00a0<\/span><\/p>\n<p><span data-contrast=\"auto\">Outro motivo, segundo ele, foi por solidariedade ao\u00a0Cel. Esmeraldino Correia, que, como se sabe, perdeu influ\u00eancia junto \u00e0 prefeita e sua equipe.<\/span><span data-ccp-props=\"{&quot;201341983&quot;:0,&quot;335559739&quot;:160,&quot;335559740&quot;:259}\">\u00a0<\/span><\/p>\n<p><span data-contrast=\"auto\">E, por \u00faltimo, a lealdade\u00a0(s\u00f3 n\u00e3o ficou muito claro se ao Esmeraldino, ou aos ideais do ex-prefeito\u00a0<\/span><span data-contrast=\"auto\">Herz\u00e9m<\/span><span data-contrast=\"auto\">, ou a ambos). Motivo pelo qual acha inoportuna a presen\u00e7a do vereador Chico Estrela na equipe do governo atual, uma vez que, na administra\u00e7\u00e3o anterior, era cr\u00edtico ferrenho do prefeito.<\/span><span data-ccp-props=\"{&quot;201341983&quot;:0,&quot;335559739&quot;:160,&quot;335559740&quot;:259}\">\u00a0<\/span><\/p>\n","protected":false},"excerpt":{"rendered":"<p>O Tenente-ooronel, ex-comandante da guarda municipal de Vit\u00f3ria da Conquista explicou os motivos da sua exonera\u00e7\u00e3o (a pedido) do posto ao programa Reda\u00e7\u00e3o Brasil, na manh\u00e3 desta sexta-feira (4).\u00a0 Empossado em 10 de janeiro de 2020, o ex-comandante da guarda municipal, ao que tudo indica, n\u00e3o gozava de prest\u00edgio junto \u00e0 prefeita. Ou, talvez n\u00e3o\u00a0o [&hellip;]<\/p>\n","protected":false},"author":1,"featured_media":102395,"comment_status":"closed","ping_status":"closed","sticky":false,"template":"","format":"standard","meta":[],"categories":[5],"tags":[],"_links":{"self":[{"href":"https:\/\/blitzconquista.com.br\/index.php?rest_route=\/wp\/v2\/posts\/102393"}],"collection":[{"href":"https:\/\/blitzconquista.com.br\/index.php?rest_route=\/wp\/v2\/posts"}],"about":[{"href":"https:\/\/blitzconquista.com.br\/index.php?rest_route=\/wp\/v2\/types\/post"}],"author":[{"embeddable":true,"href":"https:\/\/blitzconquista.com.br\/index.php?rest_route=\/wp\/v2\/users\/1"}],"replies":[{"embeddable":true,"href":"https:\/\/blitzconquista.com.br\/index.php?rest_route=%2Fwp%2Fv2%2Fcomments&post=102393"}],"version-history":[{"count":1,"href":"https:\/\/blitzconquista.com.br\/index.php?rest_route=\/wp\/v2\/posts\/102393\/revisions"}],"predecessor-version":[{"id":102397,"href":"https:\/\/blitzconquista.com.br\/index.php?rest_route=\/wp\/v2\/posts\/102393\/revisions\/102397"}],"wp:featuredmedia":[{"embeddable":true,"href":"https:\/\/blitzconquista.com.br\/index.php?rest_route=\/wp\/v2\/media\/102395"}],"wp:attachment":[{"href":"https:\/\/blitzconquista.com.br\/index.php?rest_route=%2Fwp%2Fv2%2Fmedia&parent=102393"}],"wp:term":[{"taxonomy":"category","embeddable":true,"href":"https:\/\/blitzconquista.com.br\/index.php?rest_route=%2Fwp%2Fv2%2Fcategories&post=102393"},{"taxonomy":"post_tag","embeddable":true,"href":"https:\/\/blitzconquista.com.br\/index.php?rest_route=%2Fwp%2Fv2%2Ftags&post=102393"}],"curies":[{"name":"wp","href":"https:\/\/api.w.org\/{rel}","templated":true}]}}