{"id":102407,"date":"2021-06-04T15:21:18","date_gmt":"2021-06-04T18:21:18","guid":{"rendered":"http:\/\/blitzconquista.com.br\/?p=102407"},"modified":"2021-06-04T15:21:18","modified_gmt":"2021-06-04T18:21:18","slug":"com-derrubada-de-veto-congresso-confirma-r-35-bi-para-internet-de-alunos-e-professores-da-rede-publica","status":"publish","type":"post","link":"https:\/\/blitzconquista.com.br\/?p=102407","title":{"rendered":"Com derrubada de veto, Congresso confirma R$ 3,5 bi para internet de alunos e professores da rede p\u00fablica"},"content":{"rendered":"<div class=\"notices-list__blog-card__header\">\n<h3 class=\"notices-list__blog-card__title\" style=\"text-align: center;\">A movimenta\u00e7\u00e3o no Congresso Nacional, nesta semana, tamb\u00e9m se voltou para a aprova\u00e7\u00e3o da proposta que abre cr\u00e9dito suplementar de R$ 19,768 bilh\u00f5es aos minist\u00e9rios da Economia e da Cidadania<\/h3>\n<h3 class=\"notices-list__blog-card__title\" style=\"text-align: center;\"><\/h3>\n<figure id=\"attachment_102410\" aria-describedby=\"caption-attachment-102410\" style=\"width: 500px\" class=\"wp-caption aligncenter\"><img decoding=\"async\" loading=\"lazy\" class=\"wp-image-102410 size-full\" src=\"http:\/\/blitzconquista.com.br\/wp-content\/uploads\/2021\/06\/Senado-derruba-veto.jpg\" alt=\"\" width=\"500\" height=\"320\" srcset=\"https:\/\/blitzconquista.com.br\/wp-content\/uploads\/2021\/06\/Senado-derruba-veto.jpg 500w, https:\/\/blitzconquista.com.br\/wp-content\/uploads\/2021\/06\/Senado-derruba-veto-300x192.jpg 300w\" sizes=\"(max-width: 500px) 100vw, 500px\" \/><figcaption id=\"caption-attachment-102410\" class=\"wp-caption-text\">Foto: Waldemir Barreto\/Ag\u00eancia Senado<\/figcaption><\/figure>\n<\/div>\n<div id=\"js-text-clipboard\" class=\"notice-content__show js-notice-expand js-permit-copy fix-height\">\n<p>O <a href=\"https:\/\/www.congressonacional.leg.br\/\">Congresso Nacional<\/a> derrubou nesta semana o veto do presidente Jair Bolsonaro ao projeto de lei <a href=\"https:\/\/www25.senado.leg.br\/web\/atividade\/materias\/-\/materia\/146109\">3.477\/20<\/a>. O PL trata da garantia de acesso \u00e0 internet, com fins educacionais, a alunos e professores da educa\u00e7\u00e3o b\u00e1sica p\u00fablica. Com a decis\u00e3o dos parlamentares, o projeto seguir\u00e1 para promulga\u00e7\u00e3o para ser transformado em lei.<\/p>\n<p>Quando determinou o veto, Bolsonaro disse que a proposta n\u00e3o apresentava estimativa do respectivo impacto or\u00e7ament\u00e1rio e financeiro. Os minist\u00e9rios da Economia e da Educa\u00e7\u00e3o argumentaram que o projeto aumentaria a alta rigidez do Or\u00e7amento, o que dificultaria o cumprimento da meta fiscal e da regra de ouro.<\/p>\n<p>A movimenta\u00e7\u00e3o no Congresso Nacional, nesta semana , tamb\u00e9m se voltou para a aprova\u00e7\u00e3o da proposta que abre cr\u00e9dito suplementar de R$ 19,768 bilh\u00f5es aos minist\u00e9rios da Economia e da Cidadania. O dinheiro ser\u00e1 utilizado para pagamento de aposentadorias, seguro-desemprego e Benef\u00edcio de Presta\u00e7\u00e3o Continuada (BPC). O recurso deve ir, ainda, para o Fundo do Regime Geral de Previd\u00eancia Social (FRGPS) e o pagamento de despesas financeiras da Uni\u00e3o.<\/p>\n<p>O objetivo do cr\u00e9dito \u00e9 recompor dota\u00e7\u00f5es relativas a despesas prim\u00e1rias reduzidas pelo Congresso Nacional durante a tramita\u00e7\u00e3o da Lei Or\u00e7ament\u00e1ria Anual de 2021 (LOA). O <a href=\"https:\/\/www.congressonacional.leg.br\/materias\/pesquisa\/-\/materia\/148176\">PLN 4\/2021<\/a> contou com parecer favor\u00e1vel do l\u00edder do governo no Congresso, senador Eduardo Gomes (MDB-TO), e segue agora para san\u00e7\u00e3o do presidente da Rep\u00fablica.<\/p>\n<p>&nbsp;<\/p>\n<\/div>\n","protected":false},"excerpt":{"rendered":"<p>A movimenta\u00e7\u00e3o no Congresso Nacional, nesta semana, tamb\u00e9m se voltou para a aprova\u00e7\u00e3o da proposta que abre cr\u00e9dito suplementar de R$ 19,768 bilh\u00f5es aos minist\u00e9rios da Economia e da Cidadania O Congresso Nacional derrubou nesta semana o veto do presidente Jair Bolsonaro ao projeto de lei 3.477\/20. O PL trata da garantia de acesso \u00e0 [&hellip;]<\/p>\n","protected":false},"author":1,"featured_media":102410,"comment_status":"closed","ping_status":"closed","sticky":false,"template":"","format":"standard","meta":[],"categories":[28,5],"tags":[],"_links":{"self":[{"href":"https:\/\/blitzconquista.com.br\/index.php?rest_route=\/wp\/v2\/posts\/102407"}],"collection":[{"href":"https:\/\/blitzconquista.com.br\/index.php?rest_route=\/wp\/v2\/posts"}],"about":[{"href":"https:\/\/blitzconquista.com.br\/index.php?rest_route=\/wp\/v2\/types\/post"}],"author":[{"embeddable":true,"href":"https:\/\/blitzconquista.com.br\/index.php?rest_route=\/wp\/v2\/users\/1"}],"replies":[{"embeddable":true,"href":"https:\/\/blitzconquista.com.br\/index.php?rest_route=%2Fwp%2Fv2%2Fcomments&post=102407"}],"version-history":[{"count":1,"href":"https:\/\/blitzconquista.com.br\/index.php?rest_route=\/wp\/v2\/posts\/102407\/revisions"}],"predecessor-version":[{"id":102411,"href":"https:\/\/blitzconquista.com.br\/index.php?rest_route=\/wp\/v2\/posts\/102407\/revisions\/102411"}],"wp:featuredmedia":[{"embeddable":true,"href":"https:\/\/blitzconquista.com.br\/index.php?rest_route=\/wp\/v2\/media\/102410"}],"wp:attachment":[{"href":"https:\/\/blitzconquista.com.br\/index.php?rest_route=%2Fwp%2Fv2%2Fmedia&parent=102407"}],"wp:term":[{"taxonomy":"category","embeddable":true,"href":"https:\/\/blitzconquista.com.br\/index.php?rest_route=%2Fwp%2Fv2%2Fcategories&post=102407"},{"taxonomy":"post_tag","embeddable":true,"href":"https:\/\/blitzconquista.com.br\/index.php?rest_route=%2Fwp%2Fv2%2Ftags&post=102407"}],"curies":[{"name":"wp","href":"https:\/\/api.w.org\/{rel}","templated":true}]}}