{"id":102550,"date":"2021-06-08T10:39:08","date_gmt":"2021-06-08T13:39:08","guid":{"rendered":"http:\/\/blitzconquista.com.br\/?p=102550"},"modified":"2021-06-08T10:39:39","modified_gmt":"2021-06-08T13:39:39","slug":"morre-jose-maria-fernandes-moco","status":"publish","type":"post","link":"https:\/\/blitzconquista.com.br\/?p=102550","title":{"rendered":"Morre Jos\u00e9 Maria Fernandes Mo\u00e7o"},"content":{"rendered":"<p>&nbsp;<\/p>\n<article class=\"post-48759 post type-post status-publish format-standard has-post-thumbnail hentry category-historia-de-vitoria-da-conquista tag-sub\">\n<div class=\"entry-content\">\n<p>Por <a href=\"http:\/\/www.blogdopaulonunes.com\/v4\/?p=48759\">Paulo Nunes<\/a><\/p>\n<p><img decoding=\"async\" loading=\"lazy\" class=\"aligncenter size-full wp-image-102554\" src=\"http:\/\/blitzconquista.com.br\/wp-content\/uploads\/2021\/06\/Jose-Fernandes-Moco.jpg\" alt=\"\" width=\"667\" height=\"911\" srcset=\"https:\/\/blitzconquista.com.br\/wp-content\/uploads\/2021\/06\/Jose-Fernandes-Moco.jpg 667w, https:\/\/blitzconquista.com.br\/wp-content\/uploads\/2021\/06\/Jose-Fernandes-Moco-220x300.jpg 220w, https:\/\/blitzconquista.com.br\/wp-content\/uploads\/2021\/06\/Jose-Fernandes-Moco-478x653.jpg 478w\" sizes=\"(max-width: 667px) 100vw, 667px\" \/><\/p>\n<p>Faleceu nesta manh\u00e3 v\u00edtima da COVID\u2013 19, o Sr. Jos\u00e9 Maria Fernandes Mo\u00e7o, estava\u00a0 internado no Hospital Geral de Vit\u00f3ria da Conquista para tratar a doen\u00e7a.<\/p>\n<p>Foram mais de 20 dias em tratamento na UTI, que o aposentado Jos\u00e9 Maria Fernandes Mo\u00e7o vinha enfrentando e desafiando e resistindo \u00e0s consequ\u00eancias da doen\u00e7a, e hoje pela manh\u00e3 foi confirmada seu \u00f3bito, aos 76 anos. o Sr. Jos\u00e9 Fernandes era membro da Igreja Crist\u00e3 do Brasil. Era pai do radialista Gild\u00e1sio Amorim Fernandes. Nossos sentimentos \u00e0 fam\u00edlia\u00a0 e especialmente ao nosso colega Gild\u00e1sio.<\/p>\n<\/div>\n<\/article>\n<p>&nbsp;<\/p>\n","protected":false},"excerpt":{"rendered":"<p>&nbsp; Por Paulo Nunes Faleceu nesta manh\u00e3 v\u00edtima da COVID\u2013 19, o Sr. Jos\u00e9 Maria Fernandes Mo\u00e7o, estava\u00a0 internado no Hospital Geral de Vit\u00f3ria da Conquista para tratar a doen\u00e7a. Foram mais de 20 dias em tratamento na UTI, que o aposentado Jos\u00e9 Maria Fernandes Mo\u00e7o vinha enfrentando e desafiando e resistindo \u00e0s consequ\u00eancias da [&hellip;]<\/p>\n","protected":false},"author":1,"featured_media":102554,"comment_status":"closed","ping_status":"closed","sticky":false,"template":"","format":"standard","meta":[],"categories":[4],"tags":[],"_links":{"self":[{"href":"https:\/\/blitzconquista.com.br\/index.php?rest_route=\/wp\/v2\/posts\/102550"}],"collection":[{"href":"https:\/\/blitzconquista.com.br\/index.php?rest_route=\/wp\/v2\/posts"}],"about":[{"href":"https:\/\/blitzconquista.com.br\/index.php?rest_route=\/wp\/v2\/types\/post"}],"author":[{"embeddable":true,"href":"https:\/\/blitzconquista.com.br\/index.php?rest_route=\/wp\/v2\/users\/1"}],"replies":[{"embeddable":true,"href":"https:\/\/blitzconquista.com.br\/index.php?rest_route=%2Fwp%2Fv2%2Fcomments&post=102550"}],"version-history":[{"count":2,"href":"https:\/\/blitzconquista.com.br\/index.php?rest_route=\/wp\/v2\/posts\/102550\/revisions"}],"predecessor-version":[{"id":102556,"href":"https:\/\/blitzconquista.com.br\/index.php?rest_route=\/wp\/v2\/posts\/102550\/revisions\/102556"}],"wp:featuredmedia":[{"embeddable":true,"href":"https:\/\/blitzconquista.com.br\/index.php?rest_route=\/wp\/v2\/media\/102554"}],"wp:attachment":[{"href":"https:\/\/blitzconquista.com.br\/index.php?rest_route=%2Fwp%2Fv2%2Fmedia&parent=102550"}],"wp:term":[{"taxonomy":"category","embeddable":true,"href":"https:\/\/blitzconquista.com.br\/index.php?rest_route=%2Fwp%2Fv2%2Fcategories&post=102550"},{"taxonomy":"post_tag","embeddable":true,"href":"https:\/\/blitzconquista.com.br\/index.php?rest_route=%2Fwp%2Fv2%2Ftags&post=102550"}],"curies":[{"name":"wp","href":"https:\/\/api.w.org\/{rel}","templated":true}]}}