{"id":102611,"date":"2021-06-10T07:47:05","date_gmt":"2021-06-10T10:47:05","guid":{"rendered":"http:\/\/blitzconquista.com.br\/?p=102611"},"modified":"2021-06-10T07:47:05","modified_gmt":"2021-06-10T10:47:05","slug":"curiosidades-da-sessao-da-camara-de-vereadores-nesta-quarta-feira-9","status":"publish","type":"post","link":"https:\/\/blitzconquista.com.br\/?p=102611","title":{"rendered":"Curiosidades da sess\u00e3o da C\u00e2mara de Vereadores nesta quarta-feira (9)\u00a0"},"content":{"rendered":"<h3 style=\"text-align: center;\"><span data-ccp-props=\"{&quot;201341983&quot;:0,&quot;335559739&quot;:160,&quot;335559740&quot;:259}\">\u00a0<\/span><span data-contrast=\"auto\">Dois momentos merecem\u00a0<\/span><i><span data-contrast=\"auto\">replay\u00a0<\/span><\/i><span data-contrast=\"auto\">nas falas dos vereadores<\/span><\/h3>\n<p><img decoding=\"async\" loading=\"lazy\" class=\"aligncenter size-full wp-image-102614\" src=\"http:\/\/blitzconquista.com.br\/wp-content\/uploads\/2021\/06\/Cordeiro-e-Jacare.jpg\" alt=\"\" width=\"1366\" height=\"766\" srcset=\"https:\/\/blitzconquista.com.br\/wp-content\/uploads\/2021\/06\/Cordeiro-e-Jacare.jpg 1366w, https:\/\/blitzconquista.com.br\/wp-content\/uploads\/2021\/06\/Cordeiro-e-Jacare-300x168.jpg 300w, https:\/\/blitzconquista.com.br\/wp-content\/uploads\/2021\/06\/Cordeiro-e-Jacare-695x390.jpg 695w, https:\/\/blitzconquista.com.br\/wp-content\/uploads\/2021\/06\/Cordeiro-e-Jacare-768x431.jpg 768w, https:\/\/blitzconquista.com.br\/wp-content\/uploads\/2021\/06\/Cordeiro-e-Jacare-990x555.jpg 990w, https:\/\/blitzconquista.com.br\/wp-content\/uploads\/2021\/06\/Cordeiro-e-Jacare-470x264.jpg 470w, https:\/\/blitzconquista.com.br\/wp-content\/uploads\/2021\/06\/Cordeiro-e-Jacare-640x360.jpg 640w, https:\/\/blitzconquista.com.br\/wp-content\/uploads\/2021\/06\/Cordeiro-e-Jacare-215x120.jpg 215w, https:\/\/blitzconquista.com.br\/wp-content\/uploads\/2021\/06\/Cordeiro-e-Jacare-414x232.jpg 414w, https:\/\/blitzconquista.com.br\/wp-content\/uploads\/2021\/06\/Cordeiro-e-Jacare-1320x740.jpg 1320w\" sizes=\"(max-width: 1366px) 100vw, 1366px\" \/><\/p>\n<p><span data-contrast=\"auto\">O vereador Fernando Vasconcelos (Jacar\u00e9) teceu elogios ao governador do Estado, chegando ao ponto de afirmar que se trata do melhor governador do Brasil, e citou obras em andamento e outras que ainda ser\u00e3o iniciadas no nosso munic\u00edpio.<\/span><span data-ccp-props=\"{&quot;201341983&quot;:0,&quot;335559739&quot;:160,&quot;335559740&quot;:259}\">\u00a0<\/span><\/p>\n<p><span data-contrast=\"auto\">O que chama a aten\u00e7\u00e3o na sua fala \u00e9 o tom dram\u00e1tico (enf\u00e1tico) de quem defende o pol\u00edtico Rui Costa com paix\u00e3o. \u00c9 uma forma de expressar sua opini\u00e3o e n\u00e3o h\u00e1 nada de errado nisso. Pelo contexto, percebe-se que um dos principais crit\u00e9rios usados para chegar a essa conclus\u00e3o \u00e9 o entendimento de que o governador tem agraciado a cidade com diversas obras importantes. E \u00e9 verdade! Talvez, ainda n\u00e3o seja o suficiente em rela\u00e7\u00e3o \u00e0 sua import\u00e2ncia para a regi\u00e3o e para o estado, mas&#8230;<\/span><span data-ccp-props=\"{&quot;201341983&quot;:0,&quot;335559739&quot;:160,&quot;335559740&quot;:259}\">\u00a0<\/span><\/p>\n<p><span data-contrast=\"auto\">Fala de Fernando (Jacar\u00e9) Vasconcelos (1:00:57 \u2013 1:02:31)<\/span><span data-ccp-props=\"{&quot;201341983&quot;:0,&quot;335559739&quot;:160,&quot;335559740&quot;:259}\">\u00a0<\/span><\/p>\n<p><i><span data-contrast=\"auto\">&#8220;Sr. Presidente, nosso <\/span><\/i><i><span data-contrast=\"none\">governador\u00a0<\/span><\/i><b><i><span data-contrast=\"none\">Rui Costa<\/span><\/i><\/b><i><span data-contrast=\"auto\">, como eu sempre gosto de dizer:\u00a0<\/span><\/i><i><span data-contrast=\"none\">o\u00a0<\/span><\/i><b><i><span data-contrast=\"none\">melhor governador do Brasil,<\/span><\/i><\/b><i><span data-contrast=\"none\">\u00a0refer\u00eancia de trabalho<\/span><\/i><i><span data-contrast=\"auto\">. E\u00a0<\/span><\/i><b><i><span data-contrast=\"none\">Conquista<\/span><\/i><\/b><i><span data-contrast=\"none\">\u00a0n\u00e3o para<\/span><\/i><i><span data-contrast=\"auto\">. S\u00e3o\u00a0<\/span><\/i><i><span data-contrast=\"none\">grandes\u00a0<\/span><\/i><b><i><span data-contrast=\"none\">investimentos<\/span><\/i><\/b><b><i><span data-contrast=\"auto\">.<\/span><\/i><\/b><i><span data-contrast=\"auto\">\u00a0S\u00e3o\u00a0<\/span><\/i><i><span data-contrast=\"none\">grandes\u00a0<\/span><\/i><b><i><span data-contrast=\"none\">obras\u00a0<\/span><\/i><\/b><i><span data-contrast=\"none\">a\u00ed\u00a0<\/span><\/i><b><i><span data-contrast=\"none\">nos distritos<\/span><\/i><\/b><i><span data-contrast=\"auto\">,<\/span><\/i><i><span data-contrast=\"none\">\u00a0levando\u00a0<\/span><\/i><b><i><span data-contrast=\"none\">\u00e1gua<\/span><\/i><\/b><i><span data-contrast=\"none\">\u00a0a nossa<\/span><\/i><b><i><span data-contrast=\"none\">\u00a0zona rural<\/span><\/i><\/b><i><span data-contrast=\"auto\">. \u00c9 fundamental estarmos cobrando, n\u00f3s, enquanto vereadores, deputados, trazer grandes benef\u00edcios para a nossa comunidade. Temos que destacar aqui toda estrutura, apesar do momento grave que estamos vivendo de pandemia, momento financeiro.\u00a0<\/span><\/i><i><span data-contrast=\"none\">Nosso governador Rui Costa tem sido<\/span><\/i><em>\u00a0implac\u00e1vel, j<\/em><i><span data-contrast=\"none\">unto n\u00e9? Os\u00a0<\/span><\/i><b><i><span data-contrast=\"none\">investimentos<\/span><\/i><\/b><i><span data-contrast=\"none\">, a exemplo a\u00ed de uma das grandes obras, que iremos entregar esse ano ainda a\u00a0<\/span><\/i><b><i><span data-contrast=\"none\">CASE<\/span><\/i><\/b><i><span data-contrast=\"none\">: essa casa de acolhimento do menor<\/span><\/i><i><span data-contrast=\"auto\">. Uma fundamental obra de investimento que h\u00e1 anos lutamos por isso. Est\u00e1 pr\u00f3ximo de ser entregue, inclusive com a via de acesso, a\u00ed perto da sa\u00edda da Barra. Uma das grandes obras, inclusive n\u00f3s iremos marcar at\u00e9 uma visita, agora no 2\u00ba semestre tamb\u00e9m, que \u00e9 a\u00a0<\/span><\/i><b><i><span data-contrast=\"none\">Barragem do Catol\u00e9<\/span><\/i><\/b><i><span data-contrast=\"auto\">. Um grande investimento. Uma grande obra.\u00a0<\/span><\/i><b><i><span data-contrast=\"none\">\u00c1gua para Conquista pelos pr\u00f3ximos 30 anos<\/span><\/i><\/b><i><span data-contrast=\"auto\">. Isso mostra a preocupa\u00e7\u00e3o, agora, claro, tamb\u00e9m a\u00ed, a ansiedade da zona oeste, que \u00e9 a quest\u00e3o da\u00a0<\/span><\/i><b><i><span data-contrast=\"none\">Lagoa das Bateias<\/span><\/i><\/b><i><span data-contrast=\"auto\">. Uma obra do ex-prefeito Jos\u00e9 Raimundo, que ao longo desses anos est\u00e1 abandonada. Que agora<\/span><\/i><i><span data-contrast=\"none\">\u00a0o governador da Bahia vai<\/span><\/i><i><span data-contrast=\"auto\">, com investimentos, com planejamento\u00a0<\/span><\/i><i><span data-contrast=\"none\">fazer um grande investimento<\/span><\/i><i><span data-contrast=\"auto\">, nesta lagoa t\u00e3o importante para a nossa zona oeste, para Vit\u00f3ria da Conquista&#8230;&#8221; (grifo nosso)<\/span><\/i><span data-ccp-props=\"{&quot;201341983&quot;:0,&quot;335551550&quot;:1,&quot;335551620&quot;:1,&quot;335559739&quot;:160,&quot;335559740&quot;:259}\">\u00a0<\/span><\/p>\n<p><span data-contrast=\"auto\">Do segundo momento, tem-se que reconhecer a fala infrut\u00edfera de culpabilidade ao \u201cv\u00edrus comunista chin\u00eas\u201d, pelas mortes ocorridas no Brasil. Talvez as mortes ocorridas no Brasil possam ser esclarecidas ap\u00f3s a conclus\u00e3o dos trabalhos da CPI da Covid-19, se a Comiss\u00e3o Parlamentar de Inqu\u00e9rito for mais t\u00e9cnica e menos espetaculosa.<\/span><span data-ccp-props=\"{&quot;201341983&quot;:0,&quot;335551550&quot;:1,&quot;335551620&quot;:1,&quot;335559739&quot;:160,&quot;335559740&quot;:259}\">\u00a0<\/span><\/p>\n<p><span data-contrast=\"auto\">Quanto \u00e0 vacina\u00e7\u00e3o, no Brasil, na Bahia e em Conquista, ainda \u00e9 deficit\u00e1ria. J\u00e1 poder\u00edamos ter um n\u00famero muito maior de pessoas imunizadas. Isso se deve a quest\u00f5es diversas, e uma delas \u00e9 o acr\u00e9scimo de \u201cm\u00e1 vontade\u201d \u00e0 burocracia. Desinforma\u00e7\u00e3o proposital e sistematizada \u2013 forma bonita de dizer que existe a dissemina\u00e7\u00e3o orquestrada de fake <\/span><span data-contrast=\"auto\">news<\/span><span data-contrast=\"auto\">\u00a0&#8211; \u00e9 outro fator que catalisa o prolongamento da crise sanit\u00e1ria existente.<\/span><span data-ccp-props=\"{&quot;201341983&quot;:0,&quot;335551550&quot;:1,&quot;335551620&quot;:1,&quot;335559739&quot;:160,&quot;335559740&quot;:259}\">\u00a0<\/span><\/p>\n<p><span data-contrast=\"auto\">Fala de Ivan Cordeiro (1:04:16 \u2013 1:05:06)<\/span><span data-ccp-props=\"{&quot;201341983&quot;:0,&quot;335551550&quot;:1,&quot;335551620&quot;:1,&quot;335559739&quot;:160,&quot;335559740&quot;:259}\">\u00a0<\/span><\/p>\n<p><i><span data-contrast=\"auto\">&#8220;&#8230;Infelizmente, a <\/span><\/i><b><i><span data-contrast=\"none\">sa\u00fade da Bahia est\u00e1 na UTI<\/span><\/i><\/b><i><span data-contrast=\"auto\">. Por outro lado, eu gostaria de registrar aqui que o\u00a0<\/span><\/i><b><i><span data-contrast=\"none\">governo federal<\/span><\/i><\/b><i><span data-contrast=\"auto\">\u00a0j\u00e1\u00a0<\/span><\/i><i><span data-contrast=\"none\"><strong>distribuiu<\/strong> mais de <strong>100 milh\u00f5es de doses de vacinas<\/strong><\/span><\/i><i><span data-contrast=\"auto\">, e alcan\u00e7amos ontem mais de 5<\/span><\/i><i><span data-contrast=\"none\">0 milh\u00f5es de brasileiros que tomaram a primeira dose\u00a0<\/span><\/i><i><span data-contrast=\"auto\">da vacina contra o Covid. Ent\u00e3o,\u00a0<\/span><\/i><b><i><span data-contrast=\"none\">parabenizar<\/span><\/i><\/b><strong><i>\u00a0o governo federal<\/i><i>; tamb\u00e9m a nossa\u00a0<\/i><i>Secretaria de Sa\u00fade<\/i><\/strong><i><span data-contrast=\"auto\">, que tem dado\u00a0<\/span><\/i><b><i><span data-contrast=\"none\">celeridade a essa vacina\u00e7\u00e3o<\/span><\/i><\/b><i><span data-contrast=\"auto\">. Que\u00a0<\/span><\/i><i><span data-contrast=\"none\">vivemos um momento muito triste<\/span><\/i><i><span data-contrast=\"auto\">;\u00a0<\/span><\/i><i><span data-contrast=\"none\">mais de<strong> 470 mil mortes<\/strong> da pandemia<\/span><\/i><i><span data-contrast=\"auto\">\u00a0<strong>por conta do\u00a0<\/strong><\/span><\/i><b><i><span data-contrast=\"none\">v\u00edrus comunista chin\u00eas<\/span><\/i><\/b><i><span data-contrast=\"auto\">, que tem deixado muitas fam\u00edlias enlutadas, n\u00e3o s\u00f3 no Brasil, mas em todo o mundo. Essa \u00e9 a minha fala de hoje. Muito obrigado a aten\u00e7\u00e3o de todos&#8221;. (grifo nosso)<\/span><\/i><span data-ccp-props=\"{&quot;201341983&quot;:0,&quot;335559739&quot;:160,&quot;335559740&quot;:259}\">\u00a0<\/span><\/p>\n<p>&nbsp;<\/p>\n<p><strong>Veja as falas da sess\u00e3o na C\u00e2mara:<\/strong><\/p>\n<p><iframe loading=\"lazy\" title=\"Sess\u00e3o Ordin\u00e1ria 09\/06\/2021\" width=\"1320\" height=\"743\" src=\"https:\/\/www.youtube.com\/embed\/W3uqNEm8CQ0?feature=oembed\" frameborder=\"0\" allow=\"accelerometer; autoplay; clipboard-write; encrypted-media; gyroscope; picture-in-picture\" allowfullscreen><\/iframe><\/p>\n","protected":false},"excerpt":{"rendered":"<p>\u00a0Dois momentos merecem\u00a0replay\u00a0nas falas dos vereadores O vereador Fernando Vasconcelos (Jacar\u00e9) teceu elogios ao governador do Estado, chegando ao ponto de afirmar que se trata do melhor governador do Brasil, e citou obras em andamento e outras que ainda ser\u00e3o iniciadas no nosso munic\u00edpio.\u00a0 O que chama a aten\u00e7\u00e3o na sua fala \u00e9 o tom [&hellip;]<\/p>\n","protected":false},"author":1,"featured_media":102614,"comment_status":"closed","ping_status":"closed","sticky":false,"template":"","format":"standard","meta":[],"categories":[29,5],"tags":[],"_links":{"self":[{"href":"https:\/\/blitzconquista.com.br\/index.php?rest_route=\/wp\/v2\/posts\/102611"}],"collection":[{"href":"https:\/\/blitzconquista.com.br\/index.php?rest_route=\/wp\/v2\/posts"}],"about":[{"href":"https:\/\/blitzconquista.com.br\/index.php?rest_route=\/wp\/v2\/types\/post"}],"author":[{"embeddable":true,"href":"https:\/\/blitzconquista.com.br\/index.php?rest_route=\/wp\/v2\/users\/1"}],"replies":[{"embeddable":true,"href":"https:\/\/blitzconquista.com.br\/index.php?rest_route=%2Fwp%2Fv2%2Fcomments&post=102611"}],"version-history":[{"count":2,"href":"https:\/\/blitzconquista.com.br\/index.php?rest_route=\/wp\/v2\/posts\/102611\/revisions"}],"predecessor-version":[{"id":102616,"href":"https:\/\/blitzconquista.com.br\/index.php?rest_route=\/wp\/v2\/posts\/102611\/revisions\/102616"}],"wp:featuredmedia":[{"embeddable":true,"href":"https:\/\/blitzconquista.com.br\/index.php?rest_route=\/wp\/v2\/media\/102614"}],"wp:attachment":[{"href":"https:\/\/blitzconquista.com.br\/index.php?rest_route=%2Fwp%2Fv2%2Fmedia&parent=102611"}],"wp:term":[{"taxonomy":"category","embeddable":true,"href":"https:\/\/blitzconquista.com.br\/index.php?rest_route=%2Fwp%2Fv2%2Fcategories&post=102611"},{"taxonomy":"post_tag","embeddable":true,"href":"https:\/\/blitzconquista.com.br\/index.php?rest_route=%2Fwp%2Fv2%2Ftags&post=102611"}],"curies":[{"name":"wp","href":"https:\/\/api.w.org\/{rel}","templated":true}]}}