{"id":102648,"date":"2021-06-11T01:35:37","date_gmt":"2021-06-11T04:35:37","guid":{"rendered":"http:\/\/blitzconquista.com.br\/?p=102648"},"modified":"2021-06-11T01:35:37","modified_gmt":"2021-06-11T04:35:37","slug":"rui-alerta-para-risco-de-nova-onda-da-covid-19-apos-festejos-juninos","status":"publish","type":"post","link":"https:\/\/blitzconquista.com.br\/?p=102648","title":{"rendered":"Rui alerta para risco de nova onda da Covid-19 ap\u00f3s festejos juninos"},"content":{"rendered":"<h3 style=\"text-align: center;\">Governador pediu colabora\u00e7\u00e3o da popula\u00e7\u00e3o para n\u00e3o promover aglomera\u00e7\u00f5es<\/h3>\n<p>Durante coletiva de imprensa na manh\u00e3 desta quinta(10), o governador Rui Costa alertou para os riscos de um expressivo crescimento de casos da Covid-19 com mais registros de morte com o agravamento da doen\u00e7a e a alta ocupa\u00e7\u00e3o de leitos de UTI no estado. A declara\u00e7\u00e3o foi feita ap\u00f3s a inaugura\u00e7\u00e3o da 17\u00aa Policl\u00ednica Regional de Sa\u00fade, com sede em Eun\u00e1polis e que atende 7 cidades. Rui chamou a aten\u00e7\u00e3o que para conter uma nova do onda de coronav\u00edrus, j\u00e1 agora no m\u00eas de Julho, \u00e9 preciso que a popula\u00e7\u00e3o colabore n\u00e3o promovendo aglomera\u00e7\u00f5es e evitando grandes festas como os tradicionais eventos juninos neste per\u00edodo.<\/p>\n<p>Veja o v\u00eddeo:<\/p>\n<p><iframe loading=\"lazy\" title=\"Rui fala sobre a necessidade de ajuda da imprensa e da colabora\u00e7\u00e3o dos cidad\u00e3os\" width=\"1320\" height=\"743\" src=\"https:\/\/www.youtube.com\/embed\/Q8Tm76vCY3o?feature=oembed\" frameborder=\"0\" allow=\"accelerometer; autoplay; clipboard-write; encrypted-media; gyroscope; picture-in-picture\" allowfullscreen><\/iframe><\/p>\n","protected":false},"excerpt":{"rendered":"<p>Governador pediu colabora\u00e7\u00e3o da popula\u00e7\u00e3o para n\u00e3o promover aglomera\u00e7\u00f5es Durante coletiva de imprensa na manh\u00e3 desta quinta(10), o governador Rui Costa alertou para os riscos de um expressivo crescimento de casos da Covid-19 com mais registros de morte com o agravamento da doen\u00e7a e a alta ocupa\u00e7\u00e3o de leitos de UTI no estado. A declara\u00e7\u00e3o [&hellip;]<\/p>\n","protected":false},"author":1,"featured_media":102651,"comment_status":"closed","ping_status":"closed","sticky":false,"template":"","format":"standard","meta":[],"categories":[30,515],"tags":[],"_links":{"self":[{"href":"https:\/\/blitzconquista.com.br\/index.php?rest_route=\/wp\/v2\/posts\/102648"}],"collection":[{"href":"https:\/\/blitzconquista.com.br\/index.php?rest_route=\/wp\/v2\/posts"}],"about":[{"href":"https:\/\/blitzconquista.com.br\/index.php?rest_route=\/wp\/v2\/types\/post"}],"author":[{"embeddable":true,"href":"https:\/\/blitzconquista.com.br\/index.php?rest_route=\/wp\/v2\/users\/1"}],"replies":[{"embeddable":true,"href":"https:\/\/blitzconquista.com.br\/index.php?rest_route=%2Fwp%2Fv2%2Fcomments&post=102648"}],"version-history":[{"count":1,"href":"https:\/\/blitzconquista.com.br\/index.php?rest_route=\/wp\/v2\/posts\/102648\/revisions"}],"predecessor-version":[{"id":102652,"href":"https:\/\/blitzconquista.com.br\/index.php?rest_route=\/wp\/v2\/posts\/102648\/revisions\/102652"}],"wp:featuredmedia":[{"embeddable":true,"href":"https:\/\/blitzconquista.com.br\/index.php?rest_route=\/wp\/v2\/media\/102651"}],"wp:attachment":[{"href":"https:\/\/blitzconquista.com.br\/index.php?rest_route=%2Fwp%2Fv2%2Fmedia&parent=102648"}],"wp:term":[{"taxonomy":"category","embeddable":true,"href":"https:\/\/blitzconquista.com.br\/index.php?rest_route=%2Fwp%2Fv2%2Fcategories&post=102648"},{"taxonomy":"post_tag","embeddable":true,"href":"https:\/\/blitzconquista.com.br\/index.php?rest_route=%2Fwp%2Fv2%2Ftags&post=102648"}],"curies":[{"name":"wp","href":"https:\/\/api.w.org\/{rel}","templated":true}]}}