{"id":102674,"date":"2021-06-11T10:58:25","date_gmt":"2021-06-11T13:58:25","guid":{"rendered":"http:\/\/blitzconquista.com.br\/?p=102674"},"modified":"2021-06-11T10:58:25","modified_gmt":"2021-06-11T13:58:25","slug":"iluminacao-publica-de-vitoria-da-conquista","status":"publish","type":"post","link":"https:\/\/blitzconquista.com.br\/?p=102674","title":{"rendered":"Ilumina\u00e7\u00e3o p\u00fablica de Vit\u00f3ria da Conquista\u00a0"},"content":{"rendered":"<p><span data-contrast=\"auto\"><img decoding=\"async\" loading=\"lazy\" class=\"aligncenter size-full wp-image-102677\" src=\"http:\/\/blitzconquista.com.br\/wp-content\/uploads\/2021\/06\/Solicitacao-de-troca-de-lampadas.jpg\" alt=\"\" width=\"1149\" height=\"593\" srcset=\"https:\/\/blitzconquista.com.br\/wp-content\/uploads\/2021\/06\/Solicitacao-de-troca-de-lampadas.jpg 1149w, https:\/\/blitzconquista.com.br\/wp-content\/uploads\/2021\/06\/Solicitacao-de-troca-de-lampadas-300x155.jpg 300w, https:\/\/blitzconquista.com.br\/wp-content\/uploads\/2021\/06\/Solicitacao-de-troca-de-lampadas-695x359.jpg 695w, https:\/\/blitzconquista.com.br\/wp-content\/uploads\/2021\/06\/Solicitacao-de-troca-de-lampadas-768x396.jpg 768w, https:\/\/blitzconquista.com.br\/wp-content\/uploads\/2021\/06\/Solicitacao-de-troca-de-lampadas-990x511.jpg 990w\" sizes=\"(max-width: 1149px) 100vw, 1149px\" \/><\/span><span data-ccp-props=\"{&quot;201341983&quot;:0,&quot;335559739&quot;:160,&quot;335559740&quot;:259}\"><br \/>\n<\/span><\/p>\n<p><span data-contrast=\"auto\">Para quem ouve as r\u00e1dios do munic\u00edpio, principalmente nos hor\u00e1rios de programas jornal\u00edsticos que dedicam tempo espec\u00edfico na divulga\u00e7\u00e3o das queixas da popula\u00e7\u00e3o, n\u00e3o \u00e9 surpresa ouvir as reclama\u00e7\u00f5es sobre a falta de ilumina\u00e7\u00e3o p\u00fablica.<\/span><span data-ccp-props=\"{&quot;201341983&quot;:0,&quot;335559739&quot;:160,&quot;335559740&quot;:259}\">\u00a0<\/span><\/p>\n<p><span data-contrast=\"auto\">Os reclamantes s\u00e3o de localidades como Cidade Modelo, Vila Elisa e da Zona Rural. Ou seja, s\u00e3o das regi\u00f5es perif\u00e9ricas. Para as regi\u00f5es chamadas \u201cnobres\u201d, pouco se houve sobre\u00a0queixas desse tipo.<\/span><span data-ccp-props=\"{&quot;201341983&quot;:0,&quot;335551550&quot;:1,&quot;335551620&quot;:1,&quot;335559739&quot;:160,&quot;335559740&quot;:259}\">\u00a0<\/span><\/p>\n<p><span data-contrast=\"auto\">Os recursos que tanto foram alardeados no final da gest\u00e3o anterior, de 10 milh\u00f5es de reais, para aplica\u00e7\u00e3o na ilumina\u00e7\u00e3o p\u00fablica da cidade; que resolveriam\u00a0o problema (n\u00e3o se sabe se no todo, ou em parte), aparentemente, s\u00f3 deu para o come\u00e7o.<\/span><span data-ccp-props=\"{&quot;201341983&quot;:0,&quot;335559739&quot;:160,&quot;335559740&quot;:259}\">\u00a0<\/span><\/p>\n<p><span data-contrast=\"auto\">Cabe, neste caso, questionar se o problema n\u00e3o persiste por conta de privilegiar logradouros onde a a\u00e7\u00e3o do poder p\u00fablico fica mais evidente. Pois, s\u00e3o nas ruas e avenidas de maior fluxo de ve\u00edculos que se percebe as melhores condi\u00e7\u00f5es de luminosidade. N\u00e3o que seja, necessariamente, um v\u00edcio agir assim. Afinal \u00e9 l\u00f3gico dedicar aten\u00e7\u00e3o aos locais com maior movimento. Entretanto, essa l\u00f3gica n\u00e3o leva em conta quem n\u00e3o tem ve\u00edculo pr\u00f3prio para se locomover. Exclui o trabalhador da periferia que desce do ponto de \u00f4nibus e termina o seu trajeto a p\u00e9, no breu, at\u00e9 a sua resid\u00eancia.<\/span><span data-ccp-props=\"{&quot;201341983&quot;:0,&quot;335559739&quot;:160,&quot;335559740&quot;:259}\">\u00a0<\/span><\/p>\n<p><span data-contrast=\"auto\">E, se a a\u00e7\u00e3o foi baseada mais no aspecto est\u00e9tico, em detrimento do valor social da ilumina\u00e7\u00e3o p\u00fablica, est\u00e1 um tanto equivocada. Explico: Todos pagam a taxa de ilumina\u00e7\u00e3o p\u00fablica. N\u00e3o importa se o logradouro est\u00e1 em uma regi\u00e3o cujo custo do metro quadrado \u00e9 impens\u00e1vel para a maioria da popula\u00e7\u00e3o, ou nas imedia\u00e7\u00f5es dos condom\u00ednios de programas habitacionais do governo federal. Todos pagam taxa de ilumina\u00e7\u00e3o p\u00fablica, quer ela exista ou n\u00e3o.<\/span><span data-ccp-props=\"{&quot;201341983&quot;:0,&quot;335559739&quot;:160,&quot;335559740&quot;:259}\">\u00a0<\/span><\/p>\n<p><span data-contrast=\"auto\">Outro detalhe importante, \u00e9 que, via de regra, o investimento dos recursos captados foi feito em vias cujo sistema de ilumina\u00e7\u00e3o n\u00e3o era t\u00e3o ruim. Foi dedicado, na sua maior parte, para moderniza\u00e7\u00e3o.<\/span><span data-ccp-props=\"{&quot;201341983&quot;:0,&quot;335559739&quot;:160,&quot;335559740&quot;:259}\">\u00a0<\/span><\/p>\n<p><span data-contrast=\"auto\">Diz-se por a\u00ed que beleza n\u00e3o p\u00f5e mesa&#8230; E, considerando o que foi exposto, tamb\u00e9m n\u00e3o oferece seguran\u00e7a para quem est\u00e1 na periferia.<\/span><span data-ccp-props=\"{&quot;201341983&quot;:0,&quot;335559739&quot;:160,&quot;335559740&quot;:259}\">\u00a0<\/span><\/p>\n","protected":false},"excerpt":{"rendered":"<p>Para quem ouve as r\u00e1dios do munic\u00edpio, principalmente nos hor\u00e1rios de programas jornal\u00edsticos que dedicam tempo espec\u00edfico na divulga\u00e7\u00e3o das queixas da popula\u00e7\u00e3o, n\u00e3o \u00e9 surpresa ouvir as reclama\u00e7\u00f5es sobre a falta de ilumina\u00e7\u00e3o p\u00fablica.\u00a0 Os reclamantes s\u00e3o de localidades como Cidade Modelo, Vila Elisa e da Zona Rural. Ou seja, s\u00e3o das regi\u00f5es perif\u00e9ricas. [&hellip;]<\/p>\n","protected":false},"author":1,"featured_media":102677,"comment_status":"closed","ping_status":"closed","sticky":false,"template":"","format":"standard","meta":[],"categories":[212,29],"tags":[],"_links":{"self":[{"href":"https:\/\/blitzconquista.com.br\/index.php?rest_route=\/wp\/v2\/posts\/102674"}],"collection":[{"href":"https:\/\/blitzconquista.com.br\/index.php?rest_route=\/wp\/v2\/posts"}],"about":[{"href":"https:\/\/blitzconquista.com.br\/index.php?rest_route=\/wp\/v2\/types\/post"}],"author":[{"embeddable":true,"href":"https:\/\/blitzconquista.com.br\/index.php?rest_route=\/wp\/v2\/users\/1"}],"replies":[{"embeddable":true,"href":"https:\/\/blitzconquista.com.br\/index.php?rest_route=%2Fwp%2Fv2%2Fcomments&post=102674"}],"version-history":[{"count":1,"href":"https:\/\/blitzconquista.com.br\/index.php?rest_route=\/wp\/v2\/posts\/102674\/revisions"}],"predecessor-version":[{"id":102678,"href":"https:\/\/blitzconquista.com.br\/index.php?rest_route=\/wp\/v2\/posts\/102674\/revisions\/102678"}],"wp:featuredmedia":[{"embeddable":true,"href":"https:\/\/blitzconquista.com.br\/index.php?rest_route=\/wp\/v2\/media\/102677"}],"wp:attachment":[{"href":"https:\/\/blitzconquista.com.br\/index.php?rest_route=%2Fwp%2Fv2%2Fmedia&parent=102674"}],"wp:term":[{"taxonomy":"category","embeddable":true,"href":"https:\/\/blitzconquista.com.br\/index.php?rest_route=%2Fwp%2Fv2%2Fcategories&post=102674"},{"taxonomy":"post_tag","embeddable":true,"href":"https:\/\/blitzconquista.com.br\/index.php?rest_route=%2Fwp%2Fv2%2Ftags&post=102674"}],"curies":[{"name":"wp","href":"https:\/\/api.w.org\/{rel}","templated":true}]}}