{"id":102702,"date":"2021-06-12T00:29:06","date_gmt":"2021-06-12T03:29:06","guid":{"rendered":"http:\/\/blitzconquista.com.br\/?p=102702"},"modified":"2021-06-12T00:29:06","modified_gmt":"2021-06-12T03:29:06","slug":"marcos-marinho-estreia-aura-seu-primeiro-album-solo","status":"publish","type":"post","link":"https:\/\/blitzconquista.com.br\/?p=102702","title":{"rendered":"Marcos Marinho estreia AURA, seu primeiro \u00e1lbum solo"},"content":{"rendered":"<h3 style=\"text-align: center;\">\nDisco narra uma tentativa real de compreender a vida e seus altos e baixos, expondo tamb\u00e9m quest\u00f5es pol\u00edticas e sociais<\/h3>\n<p><img decoding=\"async\" loading=\"lazy\" class=\"aligncenter size-full wp-image-102704\" src=\"http:\/\/blitzconquista.com.br\/wp-content\/uploads\/2021\/06\/Marcos-Marinho.jpg\" alt=\"\" width=\"600\" height=\"621\" srcset=\"https:\/\/blitzconquista.com.br\/wp-content\/uploads\/2021\/06\/Marcos-Marinho.jpg 600w, https:\/\/blitzconquista.com.br\/wp-content\/uploads\/2021\/06\/Marcos-Marinho-290x300.jpg 290w\" sizes=\"(max-width: 600px) 100vw, 600px\" \/><\/p>\n<p>Depois de lan\u00e7ar um videoclipe para a faixa AKAI ITO, primeiro single do seu novo projeto, Marcos Marinho entrega o seu primeiro disco solo. AURA, j\u00e1 dispon\u00edvel em todas as plataformas digitais, \u00e9 m\u00fasica popular brasileira, completamente autoral, feita por um artista e professor baiano em busca de uma arte aut\u00eantica, capaz de expressar emo\u00e7\u00f5es reais e estabelecer uma comunica\u00e7\u00e3o sincera com o p\u00fablico.<\/p>\n<p>Ou\u00e7a AURA \u2013 Marcos Marinho (2021): <a href=\"https:\/\/tratore.ffm.to\/aura\">https:\/\/tratore.ffm.to\/aura<\/a><\/p>\n<p>\u201cEsse \u00e9 um registro criado por uma pessoa simples, da classe trabalhadora e que, sem muitos recursos art\u00edsticos e financeiros, buscou valorizar a autenticidade e a originalidade na sua produ\u00e7\u00e3o. Nele, expresso sentimentos e vis\u00f5es de mundo cr\u00edticos e autocr\u00edticos, conscientes das minhas contradi\u00e7\u00f5es pr\u00f3prias\u201d, destaca o cantor e compositor.<\/p>\n<p>Composto por 8 faixas que nasceram de reflex\u00f5es feitas com o viol\u00e3o no colo, o \u00e1lbum narra uma tentativa real de compreender a vida e seus altos e baixos emocionais, expondo \u2013 al\u00e9m de quest\u00f5es pol\u00edticas e sociais, sensibilidade, mem\u00f3rias, ang\u00fastia, verdades e amor, fluindo em um jogo dial\u00e9tico frente ao que em geral \u00e9 classificado como cultura regional ou universal. Nessa viagem, samba, blues, trap, reggae e uma seresta anticapitalista, cantada num flow t\u00edpico de rap, se misturam.<\/p>\n<p>Para essa constru\u00e7\u00e3o, Marcos Marinho se inspira na obra de grandes artistas da m\u00fasica brasileira, tais como Gilberto Gil, Ponto de Equil\u00edbrio, Aldir Blanc, C\u00e1ssia \u00c9ller, Milton Nascimento e tantos outros, evidenciando a natureza ecl\u00e9tica (e sincr\u00e9tica) do seu trabalho. A imagem da capa foi feita pela artista visual uruguaia In\u00e9s Garaza. \u201cIn\u00e9s tirou a foto dessa est\u00e1tua no Museu Del Oro de Bogot\u00e1, Col\u00f4mbia. Admiro muito a sensibilidade e a beleza do olhar de In\u00e9s, capaz de revelar, atrav\u00e9s das imagens, tantas coisas surpreendentemente bonitas, reais e profundas\u201d, explica Marcos.<\/p>\n<p>&#8220;N\u00e3o considero AURA um disco criado para agradar eruditos ou colecionadores de m\u00fasica. \u00c9 um disco feito para pessoas de diferentes contextos sociais e estilos de vida, onde me expresso de forma simples, de modo semelhante ao que ocorre nas m\u00fasicas comerciais que cresci ouvindo no r\u00e1dio de minha m\u00e3e. Isso \u00e9 algo de que me orgulho muito em minhas m\u00fasicas\u201d, detalha. Tendo isso em mente, ele nos convida para cuidarmos uns dos outros e olharmos para n\u00f3s mesmos com mais carinho, indo contra tudo que nos obriga a trair quem somos, o que desejamos e o que sentimos.<\/p>\n<p>\u201cH\u00e1 muitos anos, ainda na adolesc\u00eancia, me peguei mentindo sobre minha vida para algumas pessoas. Com o passar do tempo, percebi que isso decorria de muita inseguran\u00e7a frente a tantos julgamentos violentos e preconceituosos que forjam a nossa cultura racista e classista no Brasil. Mentir era um recurso inconsciente de prote\u00e7\u00e3o. Desde ent\u00e3o, passei a lutar contra a influ\u00eancia dessas opress\u00f5es, dessas formas de poder no meu comportamento, e encontrei na m\u00fasica um lugar de express\u00e3o radical contra a domina\u00e7\u00e3o a que estamos submetidos\u201d, reflete o m\u00fasico, que \u00e9 tamb\u00e9m advogado e professor universit\u00e1rio.<\/p>\n<p>\u201cA arte, de modo geral, nos conduz \u00e0 verdade. Precisamos explorar o seu valor filos\u00f3fico e cient\u00edfico, para que essas composi\u00e7\u00f5es deixem de ser a trilha sonora da nossa ru\u00edna e se converta numa ferramenta de conhecimento, cura, emancipa\u00e7\u00e3o e liberdade. Julgo, tamb\u00e9m, ser fundamental que os artistas exponham as contradi\u00e7\u00f5es que vivem para fazer arte, ao inv\u00e9s de participarem de modo conivente de uma din\u00e2mica produtiva que nos faz competir e ostentar o que n\u00e3o temos e o que n\u00e3o somos em busca de uma m\u00ednima valoriza\u00e7\u00e3o do nosso trabalho. Artista n\u00e3o pode continuar sendo sin\u00f4nimo de celebridade. Eu sou artista e professor, duas profiss\u00f5es desvalorizadas no Brasil. Mesmo assim, estou aqui e esse disco \u00e9 um retrato da minha sobreviv\u00eancia, exist\u00eancia e resist\u00eancia\u201d, conclui.<\/p>\n<p>FICHA T\u00c9CNICA:<br \/>\nArte da capa do disco: In\u00e9s Garaza<br \/>\nDire\u00e7\u00e3o musical: Marcos Marinho<br \/>\nMixagem e masteriza\u00e7\u00e3o: Ad\u00edlson Moreira<br \/>\nProdu\u00e7\u00e3o musical: Ad\u00edlson Moreira, Fernando Guimar\u00e3es e Gabriel Moreira (Est\u00fadio 878)<\/p>\n<p>Assessoria de Imprensa<br \/>\nVAGALUME PRESS<br \/>\nAna Paula Marques<br \/>\n(77) 98101-1254<br \/>\nvagalumeassessoria@gmail.com<\/p>\n","protected":false},"excerpt":{"rendered":"<p>Disco narra uma tentativa real de compreender a vida e seus altos e baixos, expondo tamb\u00e9m quest\u00f5es pol\u00edticas e sociais Depois de lan\u00e7ar um videoclipe para a faixa AKAI ITO, primeiro single do seu novo projeto, Marcos Marinho entrega o seu primeiro disco solo. AURA, j\u00e1 dispon\u00edvel em todas as plataformas digitais, \u00e9 m\u00fasica popular [&hellip;]<\/p>\n","protected":false},"author":1,"featured_media":102704,"comment_status":"closed","ping_status":"closed","sticky":false,"template":"","format":"standard","meta":[],"categories":[1,212],"tags":[],"_links":{"self":[{"href":"https:\/\/blitzconquista.com.br\/index.php?rest_route=\/wp\/v2\/posts\/102702"}],"collection":[{"href":"https:\/\/blitzconquista.com.br\/index.php?rest_route=\/wp\/v2\/posts"}],"about":[{"href":"https:\/\/blitzconquista.com.br\/index.php?rest_route=\/wp\/v2\/types\/post"}],"author":[{"embeddable":true,"href":"https:\/\/blitzconquista.com.br\/index.php?rest_route=\/wp\/v2\/users\/1"}],"replies":[{"embeddable":true,"href":"https:\/\/blitzconquista.com.br\/index.php?rest_route=%2Fwp%2Fv2%2Fcomments&post=102702"}],"version-history":[{"count":1,"href":"https:\/\/blitzconquista.com.br\/index.php?rest_route=\/wp\/v2\/posts\/102702\/revisions"}],"predecessor-version":[{"id":102705,"href":"https:\/\/blitzconquista.com.br\/index.php?rest_route=\/wp\/v2\/posts\/102702\/revisions\/102705"}],"wp:featuredmedia":[{"embeddable":true,"href":"https:\/\/blitzconquista.com.br\/index.php?rest_route=\/wp\/v2\/media\/102704"}],"wp:attachment":[{"href":"https:\/\/blitzconquista.com.br\/index.php?rest_route=%2Fwp%2Fv2%2Fmedia&parent=102702"}],"wp:term":[{"taxonomy":"category","embeddable":true,"href":"https:\/\/blitzconquista.com.br\/index.php?rest_route=%2Fwp%2Fv2%2Fcategories&post=102702"},{"taxonomy":"post_tag","embeddable":true,"href":"https:\/\/blitzconquista.com.br\/index.php?rest_route=%2Fwp%2Fv2%2Ftags&post=102702"}],"curies":[{"name":"wp","href":"https:\/\/api.w.org\/{rel}","templated":true}]}}