{"id":103425,"date":"2021-06-30T11:58:27","date_gmt":"2021-06-30T14:58:27","guid":{"rendered":"http:\/\/blitzconquista.com.br\/?p=103425"},"modified":"2021-06-30T11:58:46","modified_gmt":"2021-06-30T14:58:46","slug":"foragido-da-justica-e-preso-pela-prf-em-feira-de-santana-ba","status":"publish","type":"post","link":"https:\/\/blitzconquista.com.br\/?p=103425","title":{"rendered":"Foragido da justi\u00e7a \u00e9 preso pela PRF em Feira de Santana\/BA"},"content":{"rendered":"<h3 class=\"documentDescription\" style=\"text-align: center;\">A Pol\u00edcia Rodovi\u00e1ria Federal (PRF) prendeu um foragido da justi\u00e7a, nessa ter\u00e7a (29), no Km 429 da BR 116, trecho pertencente ao munic\u00edpio de Feira de Santana (BA).<\/h3>\n<p><img decoding=\"async\" loading=\"lazy\" class=\"aligncenter size-full wp-image-103427\" src=\"http:\/\/blitzconquista.com.br\/wp-content\/uploads\/2021\/06\/PRF-Feira-de-Santana-Foragido-da-justica.jpeg\" alt=\"\" width=\"768\" height=\"373\" srcset=\"https:\/\/blitzconquista.com.br\/wp-content\/uploads\/2021\/06\/PRF-Feira-de-Santana-Foragido-da-justica.jpeg 768w, https:\/\/blitzconquista.com.br\/wp-content\/uploads\/2021\/06\/PRF-Feira-de-Santana-Foragido-da-justica-300x146.jpeg 300w, https:\/\/blitzconquista.com.br\/wp-content\/uploads\/2021\/06\/PRF-Feira-de-Santana-Foragido-da-justica-695x338.jpeg 695w\" sizes=\"(max-width: 768px) 100vw, 768px\" \/><\/p>\n<p>Por volta das 15h45min, equipe da PRF realizava a\u00e7\u00f5es de combate \u00e0 criminalidade, quando abordou o ve\u00edculo Chevrolet\/Cruze Lt Nb, cor preta, com dois ocupantes em seu interior. Durante abordagem, o passageiro, de 41 anos, apresentou nervosismo exacerbado, n\u00e3o apresentou documentos pessoais e alegou n\u00e3o conhecer o condutor do ve\u00edculo.<\/p>\n<p>Ap\u00f3s consultas aos sistemas de seguran\u00e7a, ficou constatado que os ocupantes do ve\u00edculo eram irm\u00e3os e que o passageiro era um foragido da justi\u00e7a, tendo fugido de pres\u00eddio no Estado de Pernambuco, onde cumpria pena pelo crime previsto no artigo 157 do C\u00f3digo Penal (roubo).<\/p>\n<p>A ocorr\u00eancia foi encaminhada para a Delegacia de Pol\u00edcia Civil, para os procedimentos cab\u00edveis.<\/p>\n","protected":false},"excerpt":{"rendered":"<p>A Pol\u00edcia Rodovi\u00e1ria Federal (PRF) prendeu um foragido da justi\u00e7a, nessa ter\u00e7a (29), no Km 429 da BR 116, trecho pertencente ao munic\u00edpio de Feira de Santana (BA). Por volta das 15h45min, equipe da PRF realizava a\u00e7\u00f5es de combate \u00e0 criminalidade, quando abordou o ve\u00edculo Chevrolet\/Cruze Lt Nb, cor preta, com dois ocupantes em seu [&hellip;]<\/p>\n","protected":false},"author":1,"featured_media":103427,"comment_status":"closed","ping_status":"closed","sticky":false,"template":"","format":"standard","meta":[],"categories":[3],"tags":[],"_links":{"self":[{"href":"https:\/\/blitzconquista.com.br\/index.php?rest_route=\/wp\/v2\/posts\/103425"}],"collection":[{"href":"https:\/\/blitzconquista.com.br\/index.php?rest_route=\/wp\/v2\/posts"}],"about":[{"href":"https:\/\/blitzconquista.com.br\/index.php?rest_route=\/wp\/v2\/types\/post"}],"author":[{"embeddable":true,"href":"https:\/\/blitzconquista.com.br\/index.php?rest_route=\/wp\/v2\/users\/1"}],"replies":[{"embeddable":true,"href":"https:\/\/blitzconquista.com.br\/index.php?rest_route=%2Fwp%2Fv2%2Fcomments&post=103425"}],"version-history":[{"count":1,"href":"https:\/\/blitzconquista.com.br\/index.php?rest_route=\/wp\/v2\/posts\/103425\/revisions"}],"predecessor-version":[{"id":103428,"href":"https:\/\/blitzconquista.com.br\/index.php?rest_route=\/wp\/v2\/posts\/103425\/revisions\/103428"}],"wp:featuredmedia":[{"embeddable":true,"href":"https:\/\/blitzconquista.com.br\/index.php?rest_route=\/wp\/v2\/media\/103427"}],"wp:attachment":[{"href":"https:\/\/blitzconquista.com.br\/index.php?rest_route=%2Fwp%2Fv2%2Fmedia&parent=103425"}],"wp:term":[{"taxonomy":"category","embeddable":true,"href":"https:\/\/blitzconquista.com.br\/index.php?rest_route=%2Fwp%2Fv2%2Fcategories&post=103425"},{"taxonomy":"post_tag","embeddable":true,"href":"https:\/\/blitzconquista.com.br\/index.php?rest_route=%2Fwp%2Fv2%2Ftags&post=103425"}],"curies":[{"name":"wp","href":"https:\/\/api.w.org\/{rel}","templated":true}]}}