{"id":103455,"date":"2021-07-01T10:41:06","date_gmt":"2021-07-01T13:41:06","guid":{"rendered":"http:\/\/blitzconquista.com.br\/?p=103455"},"modified":"2021-07-01T10:41:06","modified_gmt":"2021-07-01T13:41:06","slug":"moto-furtada-em-frente-ao-shopping","status":"publish","type":"post","link":"https:\/\/blitzconquista.com.br\/?p=103455","title":{"rendered":"Moto furtada em frente ao Shopping"},"content":{"rendered":"<p><img decoding=\"async\" loading=\"lazy\" class=\"aligncenter size-full wp-image-103460\" src=\"http:\/\/blitzconquista.com.br\/wp-content\/uploads\/2021\/07\/Moto-furtada-em-frente-ao-shopping.jpg\" alt=\"\" width=\"1189\" height=\"1099\" srcset=\"https:\/\/blitzconquista.com.br\/wp-content\/uploads\/2021\/07\/Moto-furtada-em-frente-ao-shopping.jpg 1189w, https:\/\/blitzconquista.com.br\/wp-content\/uploads\/2021\/07\/Moto-furtada-em-frente-ao-shopping-300x277.jpg 300w, https:\/\/blitzconquista.com.br\/wp-content\/uploads\/2021\/07\/Moto-furtada-em-frente-ao-shopping-695x642.jpg 695w, https:\/\/blitzconquista.com.br\/wp-content\/uploads\/2021\/07\/Moto-furtada-em-frente-ao-shopping-768x710.jpg 768w, https:\/\/blitzconquista.com.br\/wp-content\/uploads\/2021\/07\/Moto-furtada-em-frente-ao-shopping-990x915.jpg 990w\" sizes=\"(max-width: 1189px) 100vw, 1189px\" \/><\/p>\n<p><span data-contrast=\"auto\">Moto furtada na noite desta quarta-feira (30), por volta das 20h30, em frente ao Shopping Conquista Sul. <\/span><span data-contrast=\"none\">Honda Fan 125, cor preta com uma capa no tanque, ano 2010, c<\/span><span data-contrast=\"none\">om placa\u00a0<\/span><span data-contrast=\"none\">NTI 9566.<\/span><span data-ccp-props=\"{&quot;201341983&quot;:0,&quot;335559739&quot;:160,&quot;335559740&quot;:259}\">\u00a0<\/span><\/p>\n<p><span data-contrast=\"none\">Quem souber de informa\u00e7\u00f5es do paradeiro da moto, informar a pol\u00edcia.<\/span><span data-ccp-props=\"{&quot;201341983&quot;:0,&quot;335559739&quot;:160,&quot;335559740&quot;:259}\">\u00a0<\/span><\/p>\n<p><span data-ccp-props=\"{&quot;201341983&quot;:0,&quot;335559739&quot;:160,&quot;335559740&quot;:259}\">\u00a0<\/span><\/p>\n","protected":false},"excerpt":{"rendered":"<p>Moto furtada na noite desta quarta-feira (30), por volta das 20h30, em frente ao Shopping Conquista Sul. Honda Fan 125, cor preta com uma capa no tanque, ano 2010, com placa\u00a0NTI 9566.\u00a0 Quem souber de informa\u00e7\u00f5es do paradeiro da moto, informar a pol\u00edcia.\u00a0 \u00a0<\/p>\n","protected":false},"author":1,"featured_media":103460,"comment_status":"closed","ping_status":"closed","sticky":false,"template":"","format":"standard","meta":[],"categories":[212,3],"tags":[],"_links":{"self":[{"href":"https:\/\/blitzconquista.com.br\/index.php?rest_route=\/wp\/v2\/posts\/103455"}],"collection":[{"href":"https:\/\/blitzconquista.com.br\/index.php?rest_route=\/wp\/v2\/posts"}],"about":[{"href":"https:\/\/blitzconquista.com.br\/index.php?rest_route=\/wp\/v2\/types\/post"}],"author":[{"embeddable":true,"href":"https:\/\/blitzconquista.com.br\/index.php?rest_route=\/wp\/v2\/users\/1"}],"replies":[{"embeddable":true,"href":"https:\/\/blitzconquista.com.br\/index.php?rest_route=%2Fwp%2Fv2%2Fcomments&post=103455"}],"version-history":[{"count":1,"href":"https:\/\/blitzconquista.com.br\/index.php?rest_route=\/wp\/v2\/posts\/103455\/revisions"}],"predecessor-version":[{"id":103461,"href":"https:\/\/blitzconquista.com.br\/index.php?rest_route=\/wp\/v2\/posts\/103455\/revisions\/103461"}],"wp:featuredmedia":[{"embeddable":true,"href":"https:\/\/blitzconquista.com.br\/index.php?rest_route=\/wp\/v2\/media\/103460"}],"wp:attachment":[{"href":"https:\/\/blitzconquista.com.br\/index.php?rest_route=%2Fwp%2Fv2%2Fmedia&parent=103455"}],"wp:term":[{"taxonomy":"category","embeddable":true,"href":"https:\/\/blitzconquista.com.br\/index.php?rest_route=%2Fwp%2Fv2%2Fcategories&post=103455"},{"taxonomy":"post_tag","embeddable":true,"href":"https:\/\/blitzconquista.com.br\/index.php?rest_route=%2Fwp%2Fv2%2Ftags&post=103455"}],"curies":[{"name":"wp","href":"https:\/\/api.w.org\/{rel}","templated":true}]}}