{"id":103471,"date":"2021-07-01T13:41:04","date_gmt":"2021-07-01T16:41:04","guid":{"rendered":"http:\/\/blitzconquista.com.br\/?p=103471"},"modified":"2021-07-01T13:41:04","modified_gmt":"2021-07-01T16:41:04","slug":"prf-e-ssp-discutem-avancos-na-implantacao-de-radio-digital-integrada-na-bahia","status":"publish","type":"post","link":"https:\/\/blitzconquista.com.br\/?p=103471","title":{"rendered":"PRF e SSP discutem avan\u00e7os na implanta\u00e7\u00e3o de r\u00e1dio digital integrada na Bahia"},"content":{"rendered":"<h3 class=\"documentDescription\" style=\"text-align: center;\">O Superintendente da PRF na Bahia, Virg\u00edlio de Paula Tourinho, \u00e9 um dos incentivadores da utiliza\u00e7\u00e3o do Sistema de Radiocomunica\u00e7\u00e3o Digital para a efici\u00eancia dos trabalhos no combate \u00e0 criminalidade.<\/h3>\n<div><img decoding=\"async\" loading=\"lazy\" class=\"aligncenter size-full wp-image-103473\" src=\"http:\/\/blitzconquista.com.br\/wp-content\/uploads\/2021\/07\/PRF-PM-Integracao-radio-digital.jpeg\" alt=\"\" width=\"768\" height=\"576\" srcset=\"https:\/\/blitzconquista.com.br\/wp-content\/uploads\/2021\/07\/PRF-PM-Integracao-radio-digital.jpeg 768w, https:\/\/blitzconquista.com.br\/wp-content\/uploads\/2021\/07\/PRF-PM-Integracao-radio-digital-300x225.jpeg 300w, https:\/\/blitzconquista.com.br\/wp-content\/uploads\/2021\/07\/PRF-PM-Integracao-radio-digital-695x521.jpeg 695w, https:\/\/blitzconquista.com.br\/wp-content\/uploads\/2021\/07\/PRF-PM-Integracao-radio-digital-74x55.jpeg 74w, https:\/\/blitzconquista.com.br\/wp-content\/uploads\/2021\/07\/PRF-PM-Integracao-radio-digital-111x83.jpeg 111w, https:\/\/blitzconquista.com.br\/wp-content\/uploads\/2021\/07\/PRF-PM-Integracao-radio-digital-215x161.jpeg 215w\" sizes=\"(max-width: 768px) 100vw, 768px\" \/><\/div>\n<p>Nesta quarta-feira (30), a Pol\u00edcia Rodovi\u00e1ria Federal (PRF) realizou uma visita t\u00e9cnica na Secretaria da Seguran\u00e7a P\u00fablica da Bahia (SSP), instalada no Centro Administrativo da Bahia, em Salvador.<\/p>\n<p>A reuni\u00e3o teve por objetivo fortalecer a parceria entre as institui\u00e7\u00f5es e alinhar o acordo firmado que visa promover o interc\u00e2mbio a banco de dados dos \u00f3rg\u00e3os, tecnologias e ferramentas, incluindo quest\u00f5es relativas \u00e0 seguran\u00e7a e a \u00e1rea criminal, facilitando a gest\u00e3o eficiente dos recursos de policiamento, investiga\u00e7\u00e3o e intelig\u00eancia.<\/p>\n<p>Durante o encontro foram discutidos os avan\u00e7os da utiliza\u00e7\u00e3o compartilhada da rede de radiocomunica\u00e7\u00e3o digital, que \u00e9 um sistema de comunica\u00e7\u00e3o mais seguro, eficiente, com r\u00e1pido tempo de resposta de atendimento das ocorr\u00eancias.<\/p>\n<p>O acordo prev\u00ea ainda o desenvolvimento de a\u00e7\u00f5es operacionais e de policiamento integradas e, j\u00e1 apresentam resultados satisfat\u00f3rios no enfrentamento a criminalidade.<\/p>\n<p>Al\u00e9m do superintendente regional, participaram da reuni\u00e3o o chefe da Divis\u00e3o de Tecnologia da Informa\u00e7\u00e3o e Comunica\u00e7\u00e3o da PRF, Allan Peixoto; o chefe da Divis\u00e3o de Apoio \u00e0 Gest\u00e3o da PRF, Ricardo de Sousa Moreira; o gerente nacional do programa r\u00e1dio digital, PRF M\u00e1rcio Antunes; o gerente de r\u00e1dio digital na Bahia, PRF Neiff Carlos Pereira; o PRF S\u00e9rvio T\u00falio lotado no SETIC\/PI; o coordenador de radiocomunica\u00e7\u00e3o, Capit\u00e3o Ubiraci e o superintendente de telecomunica\u00e7\u00f5es da SSP\/BA, o Tenente Coronel Renato.<\/p>\n","protected":false},"excerpt":{"rendered":"<p>O Superintendente da PRF na Bahia, Virg\u00edlio de Paula Tourinho, \u00e9 um dos incentivadores da utiliza\u00e7\u00e3o do Sistema de Radiocomunica\u00e7\u00e3o Digital para a efici\u00eancia dos trabalhos no combate \u00e0 criminalidade. Nesta quarta-feira (30), a Pol\u00edcia Rodovi\u00e1ria Federal (PRF) realizou uma visita t\u00e9cnica na Secretaria da Seguran\u00e7a P\u00fablica da Bahia (SSP), instalada no Centro Administrativo da [&hellip;]<\/p>\n","protected":false},"author":1,"featured_media":103473,"comment_status":"closed","ping_status":"closed","sticky":false,"template":"","format":"standard","meta":[],"categories":[3],"tags":[],"_links":{"self":[{"href":"https:\/\/blitzconquista.com.br\/index.php?rest_route=\/wp\/v2\/posts\/103471"}],"collection":[{"href":"https:\/\/blitzconquista.com.br\/index.php?rest_route=\/wp\/v2\/posts"}],"about":[{"href":"https:\/\/blitzconquista.com.br\/index.php?rest_route=\/wp\/v2\/types\/post"}],"author":[{"embeddable":true,"href":"https:\/\/blitzconquista.com.br\/index.php?rest_route=\/wp\/v2\/users\/1"}],"replies":[{"embeddable":true,"href":"https:\/\/blitzconquista.com.br\/index.php?rest_route=%2Fwp%2Fv2%2Fcomments&post=103471"}],"version-history":[{"count":1,"href":"https:\/\/blitzconquista.com.br\/index.php?rest_route=\/wp\/v2\/posts\/103471\/revisions"}],"predecessor-version":[{"id":103474,"href":"https:\/\/blitzconquista.com.br\/index.php?rest_route=\/wp\/v2\/posts\/103471\/revisions\/103474"}],"wp:featuredmedia":[{"embeddable":true,"href":"https:\/\/blitzconquista.com.br\/index.php?rest_route=\/wp\/v2\/media\/103473"}],"wp:attachment":[{"href":"https:\/\/blitzconquista.com.br\/index.php?rest_route=%2Fwp%2Fv2%2Fmedia&parent=103471"}],"wp:term":[{"taxonomy":"category","embeddable":true,"href":"https:\/\/blitzconquista.com.br\/index.php?rest_route=%2Fwp%2Fv2%2Fcategories&post=103471"},{"taxonomy":"post_tag","embeddable":true,"href":"https:\/\/blitzconquista.com.br\/index.php?rest_route=%2Fwp%2Fv2%2Ftags&post=103471"}],"curies":[{"name":"wp","href":"https:\/\/api.w.org\/{rel}","templated":true}]}}