{"id":103673,"date":"2021-07-08T21:06:09","date_gmt":"2021-07-09T00:06:09","guid":{"rendered":"http:\/\/blitzconquista.com.br\/?p=103673"},"modified":"2021-07-08T21:06:51","modified_gmt":"2021-07-09T00:06:51","slug":"duas-ossadas-humanas-foram-encontradas-proximo-ao-condominio-lagoa-azul","status":"publish","type":"post","link":"https:\/\/blitzconquista.com.br\/?p=103673","title":{"rendered":"Duas ossadas humanas foram encontradas pr\u00f3ximo ao condom\u00ednio Lagoa Azul"},"content":{"rendered":"<h3 style=\"text-align: center;\">H\u00e1 suspeita de que sejam os corpos de duas jovens desaparecidas entre mar\u00e7o e abril<\/h3>\n<p><img decoding=\"async\" loading=\"lazy\" class=\"aligncenter size-full wp-image-103675\" src=\"http:\/\/blitzconquista.com.br\/wp-content\/uploads\/2021\/07\/Jovens-desaparecida.jpg\" alt=\"\" width=\"1280\" height=\"877\" srcset=\"https:\/\/blitzconquista.com.br\/wp-content\/uploads\/2021\/07\/Jovens-desaparecida.jpg 1280w, https:\/\/blitzconquista.com.br\/wp-content\/uploads\/2021\/07\/Jovens-desaparecida-300x206.jpg 300w, https:\/\/blitzconquista.com.br\/wp-content\/uploads\/2021\/07\/Jovens-desaparecida-695x476.jpg 695w, https:\/\/blitzconquista.com.br\/wp-content\/uploads\/2021\/07\/Jovens-desaparecida-768x526.jpg 768w, https:\/\/blitzconquista.com.br\/wp-content\/uploads\/2021\/07\/Jovens-desaparecida-990x678.jpg 990w, https:\/\/blitzconquista.com.br\/wp-content\/uploads\/2021\/07\/Jovens-desaparecida-379x259.jpg 379w\" sizes=\"(max-width: 1280px) 100vw, 1280px\" \/><\/p>\n<p>Por volta das 18h30 desta quinta-feira (08), durante a realiza\u00e7\u00e3o de uma opera\u00e7\u00e3o conjunta entre os PETO\u2019s da 77\u00aa e 78\u00aa CIPM\u2019s, foram localizados os restos mortais de duas pessoas, enterradas em um matagal, nas proximidades do Condom\u00ednio Lagoa Azul, em Vit\u00f3ria da Conquista. Junto aos corpos foram encontradas vestes femininas, sugerindo que sejam os corpos de duas mulheres. A suspeita \u00e9 tratar-se de duas jovens que desapareceram entre mar\u00e7o e abril deste ano. A Pol\u00edcia Civil e o DPT foram acionados para ado\u00e7\u00e3o dos procedimentos legais.<\/p>\n<p>Informa\u00e7\u00f5es: blogdoleosantos.com.br<\/p>\n<p>&nbsp;<\/p>\n","protected":false},"excerpt":{"rendered":"<p>H\u00e1 suspeita de que sejam os corpos de duas jovens desaparecidas entre mar\u00e7o e abril Por volta das 18h30 desta quinta-feira (08), durante a realiza\u00e7\u00e3o de uma opera\u00e7\u00e3o conjunta entre os PETO\u2019s da 77\u00aa e 78\u00aa CIPM\u2019s, foram localizados os restos mortais de duas pessoas, enterradas em um matagal, nas proximidades do Condom\u00ednio Lagoa Azul, [&hellip;]<\/p>\n","protected":false},"author":1,"featured_media":103675,"comment_status":"closed","ping_status":"closed","sticky":false,"template":"","format":"standard","meta":[],"categories":[3],"tags":[],"_links":{"self":[{"href":"https:\/\/blitzconquista.com.br\/index.php?rest_route=\/wp\/v2\/posts\/103673"}],"collection":[{"href":"https:\/\/blitzconquista.com.br\/index.php?rest_route=\/wp\/v2\/posts"}],"about":[{"href":"https:\/\/blitzconquista.com.br\/index.php?rest_route=\/wp\/v2\/types\/post"}],"author":[{"embeddable":true,"href":"https:\/\/blitzconquista.com.br\/index.php?rest_route=\/wp\/v2\/users\/1"}],"replies":[{"embeddable":true,"href":"https:\/\/blitzconquista.com.br\/index.php?rest_route=%2Fwp%2Fv2%2Fcomments&post=103673"}],"version-history":[{"count":1,"href":"https:\/\/blitzconquista.com.br\/index.php?rest_route=\/wp\/v2\/posts\/103673\/revisions"}],"predecessor-version":[{"id":103676,"href":"https:\/\/blitzconquista.com.br\/index.php?rest_route=\/wp\/v2\/posts\/103673\/revisions\/103676"}],"wp:featuredmedia":[{"embeddable":true,"href":"https:\/\/blitzconquista.com.br\/index.php?rest_route=\/wp\/v2\/media\/103675"}],"wp:attachment":[{"href":"https:\/\/blitzconquista.com.br\/index.php?rest_route=%2Fwp%2Fv2%2Fmedia&parent=103673"}],"wp:term":[{"taxonomy":"category","embeddable":true,"href":"https:\/\/blitzconquista.com.br\/index.php?rest_route=%2Fwp%2Fv2%2Fcategories&post=103673"},{"taxonomy":"post_tag","embeddable":true,"href":"https:\/\/blitzconquista.com.br\/index.php?rest_route=%2Fwp%2Fv2%2Ftags&post=103673"}],"curies":[{"name":"wp","href":"https:\/\/api.w.org\/{rel}","templated":true}]}}