{"id":103685,"date":"2021-07-09T08:03:01","date_gmt":"2021-07-09T11:03:01","guid":{"rendered":"http:\/\/blitzconquista.com.br\/?p=103685"},"modified":"2021-07-09T10:08:26","modified_gmt":"2021-07-09T13:08:26","slug":"homens-eram-responsaveis-pelo-suporte-logistico-de-ataques","status":"publish","type":"post","link":"https:\/\/blitzconquista.com.br\/?p=103685","title":{"rendered":"Homens eram respons\u00e1veis pelo suporte log\u00edstico de ataques"},"content":{"rendered":"<div id=\"story_text\">\n<div><img decoding=\"async\" loading=\"lazy\" class=\"aligncenter size-full wp-image-103688\" src=\"http:\/\/blitzconquista.com.br\/wp-content\/uploads\/2021\/07\/Prisao-de-Assaltantes-de-Banco-1.jpg\" alt=\"\" width=\"1280\" height=\"852\" srcset=\"https:\/\/blitzconquista.com.br\/wp-content\/uploads\/2021\/07\/Prisao-de-Assaltantes-de-Banco-1.jpg 1280w, https:\/\/blitzconquista.com.br\/wp-content\/uploads\/2021\/07\/Prisao-de-Assaltantes-de-Banco-1-300x200.jpg 300w, https:\/\/blitzconquista.com.br\/wp-content\/uploads\/2021\/07\/Prisao-de-Assaltantes-de-Banco-1-695x463.jpg 695w, https:\/\/blitzconquista.com.br\/wp-content\/uploads\/2021\/07\/Prisao-de-Assaltantes-de-Banco-1-768x511.jpg 768w, https:\/\/blitzconquista.com.br\/wp-content\/uploads\/2021\/07\/Prisao-de-Assaltantes-de-Banco-1-414x276.jpg 414w, https:\/\/blitzconquista.com.br\/wp-content\/uploads\/2021\/07\/Prisao-de-Assaltantes-de-Banco-1-470x313.jpg 470w, https:\/\/blitzconquista.com.br\/wp-content\/uploads\/2021\/07\/Prisao-de-Assaltantes-de-Banco-1-640x426.jpg 640w, https:\/\/blitzconquista.com.br\/wp-content\/uploads\/2021\/07\/Prisao-de-Assaltantes-de-Banco-1-130x86.jpg 130w, https:\/\/blitzconquista.com.br\/wp-content\/uploads\/2021\/07\/Prisao-de-Assaltantes-de-Banco-1-187x124.jpg 187w, https:\/\/blitzconquista.com.br\/wp-content\/uploads\/2021\/07\/Prisao-de-Assaltantes-de-Banco-1-990x659.jpg 990w\" sizes=\"(max-width: 1280px) 100vw, 1280px\" \/><\/div>\n<div><\/div>\n<div>Dois homens respons\u00e1veis pela log\u00edstica de ataques a institui\u00e7\u00f5es financeiras na Bahia foram presos na manh\u00e3 desta quinta-feira (8), ap\u00f3s a deflagra\u00e7\u00e3o da terceira fase da Opera\u00e7\u00e3o Aerarium, realizada pelo Departamento de Repress\u00e3o ao Crime Organizado (Draco). A opera\u00e7\u00e3o acontece nos munic\u00edpios de Sim\u00f5es Filho, Rafael Jambeiro, Itatim, Santo Estev\u00e3o, Feira de Santana, Caetit\u00e9 e Itaberaba.<\/div>\n<div><\/div>\n<div>&#8220;S\u00e3o pris\u00f5es muito importantes para esclarecer a individualiza\u00e7\u00e3o da atua\u00e7\u00e3o de cada membro da organiza\u00e7\u00e3o criminosa. Buscaremos a identifica\u00e7\u00e3o de todos os respons\u00e1veis por esses crimes, onde quer que estejam&#8221;, explicou o diretor do Draco, delegado Jos\u00e9 Bezerra.<\/div>\n<div><\/div>\n<div>Com um dos presos, um dos alvos mais procurados, foram localizados drogas e dinheiro parcialmente destru\u00eddos. &#8220;Possivelmente, as c\u00e9dulas s\u00e3o frutos dos ataques a banco. Vamos levar as notas para per\u00edcia. Ele oferecia o suporte log\u00edstico para viabilizar as a\u00e7\u00f5es criminosas e ser\u00e1 autuado em flagrante. As dilig\u00eancias em rela\u00e7\u00e3o a ele ainda est\u00e3o em curso&#8221;, esclareceu Bezerra.<\/div>\n<div><\/div>\n<div>Os mandados de pris\u00e3o e de busca e apreens\u00e3o s\u00e3o cumpridos na Regi\u00e3o Metropolitana de Salvador e no interior do estado. Participam tamb\u00e9m equipes do Departamento de Pol\u00edcia do Interior (Depin) e a Coordena\u00e7\u00e3o de Opera\u00e7\u00f5es Especiais (COE).<\/div>\n<\/div>\n<div><\/div>\n<div><img decoding=\"async\" loading=\"lazy\" class=\"aligncenter size-full wp-image-103689\" src=\"http:\/\/blitzconquista.com.br\/wp-content\/uploads\/2021\/07\/Prisao-de-Assaltantes-de-Banco-2.jpg\" alt=\"\" width=\"1280\" height=\"852\" srcset=\"https:\/\/blitzconquista.com.br\/wp-content\/uploads\/2021\/07\/Prisao-de-Assaltantes-de-Banco-2.jpg 1280w, https:\/\/blitzconquista.com.br\/wp-content\/uploads\/2021\/07\/Prisao-de-Assaltantes-de-Banco-2-300x200.jpg 300w, https:\/\/blitzconquista.com.br\/wp-content\/uploads\/2021\/07\/Prisao-de-Assaltantes-de-Banco-2-695x463.jpg 695w, https:\/\/blitzconquista.com.br\/wp-content\/uploads\/2021\/07\/Prisao-de-Assaltantes-de-Banco-2-768x511.jpg 768w, https:\/\/blitzconquista.com.br\/wp-content\/uploads\/2021\/07\/Prisao-de-Assaltantes-de-Banco-2-414x276.jpg 414w, https:\/\/blitzconquista.com.br\/wp-content\/uploads\/2021\/07\/Prisao-de-Assaltantes-de-Banco-2-470x313.jpg 470w, https:\/\/blitzconquista.com.br\/wp-content\/uploads\/2021\/07\/Prisao-de-Assaltantes-de-Banco-2-640x426.jpg 640w, https:\/\/blitzconquista.com.br\/wp-content\/uploads\/2021\/07\/Prisao-de-Assaltantes-de-Banco-2-130x86.jpg 130w, https:\/\/blitzconquista.com.br\/wp-content\/uploads\/2021\/07\/Prisao-de-Assaltantes-de-Banco-2-187x124.jpg 187w, https:\/\/blitzconquista.com.br\/wp-content\/uploads\/2021\/07\/Prisao-de-Assaltantes-de-Banco-2-990x659.jpg 990w\" sizes=\"(max-width: 1280px) 100vw, 1280px\" \/><\/div>\n<div><\/div>\n<div><img decoding=\"async\" loading=\"lazy\" class=\"aligncenter size-full wp-image-103690\" src=\"http:\/\/blitzconquista.com.br\/wp-content\/uploads\/2021\/07\/Prisao-de-Assaltantes-de-Banco-3.jpg\" alt=\"\" width=\"1280\" height=\"852\" srcset=\"https:\/\/blitzconquista.com.br\/wp-content\/uploads\/2021\/07\/Prisao-de-Assaltantes-de-Banco-3.jpg 1280w, https:\/\/blitzconquista.com.br\/wp-content\/uploads\/2021\/07\/Prisao-de-Assaltantes-de-Banco-3-300x200.jpg 300w, https:\/\/blitzconquista.com.br\/wp-content\/uploads\/2021\/07\/Prisao-de-Assaltantes-de-Banco-3-695x463.jpg 695w, https:\/\/blitzconquista.com.br\/wp-content\/uploads\/2021\/07\/Prisao-de-Assaltantes-de-Banco-3-768x511.jpg 768w, https:\/\/blitzconquista.com.br\/wp-content\/uploads\/2021\/07\/Prisao-de-Assaltantes-de-Banco-3-414x276.jpg 414w, https:\/\/blitzconquista.com.br\/wp-content\/uploads\/2021\/07\/Prisao-de-Assaltantes-de-Banco-3-470x313.jpg 470w, https:\/\/blitzconquista.com.br\/wp-content\/uploads\/2021\/07\/Prisao-de-Assaltantes-de-Banco-3-640x426.jpg 640w, https:\/\/blitzconquista.com.br\/wp-content\/uploads\/2021\/07\/Prisao-de-Assaltantes-de-Banco-3-130x86.jpg 130w, https:\/\/blitzconquista.com.br\/wp-content\/uploads\/2021\/07\/Prisao-de-Assaltantes-de-Banco-3-187x124.jpg 187w, https:\/\/blitzconquista.com.br\/wp-content\/uploads\/2021\/07\/Prisao-de-Assaltantes-de-Banco-3-990x659.jpg 990w\" sizes=\"(max-width: 1280px) 100vw, 1280px\" \/><\/div>\n<div><\/div>\n<div><img decoding=\"async\" loading=\"lazy\" class=\"aligncenter size-full wp-image-103691\" src=\"http:\/\/blitzconquista.com.br\/wp-content\/uploads\/2021\/07\/Prisao-de-Assaltantes-de-Banco-4.jpg\" alt=\"\" width=\"1280\" height=\"852\" srcset=\"https:\/\/blitzconquista.com.br\/wp-content\/uploads\/2021\/07\/Prisao-de-Assaltantes-de-Banco-4.jpg 1280w, https:\/\/blitzconquista.com.br\/wp-content\/uploads\/2021\/07\/Prisao-de-Assaltantes-de-Banco-4-300x200.jpg 300w, https:\/\/blitzconquista.com.br\/wp-content\/uploads\/2021\/07\/Prisao-de-Assaltantes-de-Banco-4-695x463.jpg 695w, https:\/\/blitzconquista.com.br\/wp-content\/uploads\/2021\/07\/Prisao-de-Assaltantes-de-Banco-4-768x511.jpg 768w, https:\/\/blitzconquista.com.br\/wp-content\/uploads\/2021\/07\/Prisao-de-Assaltantes-de-Banco-4-414x276.jpg 414w, https:\/\/blitzconquista.com.br\/wp-content\/uploads\/2021\/07\/Prisao-de-Assaltantes-de-Banco-4-470x313.jpg 470w, https:\/\/blitzconquista.com.br\/wp-content\/uploads\/2021\/07\/Prisao-de-Assaltantes-de-Banco-4-640x426.jpg 640w, https:\/\/blitzconquista.com.br\/wp-content\/uploads\/2021\/07\/Prisao-de-Assaltantes-de-Banco-4-130x86.jpg 130w, https:\/\/blitzconquista.com.br\/wp-content\/uploads\/2021\/07\/Prisao-de-Assaltantes-de-Banco-4-187x124.jpg 187w, https:\/\/blitzconquista.com.br\/wp-content\/uploads\/2021\/07\/Prisao-de-Assaltantes-de-Banco-4-990x659.jpg 990w\" sizes=\"(max-width: 1280px) 100vw, 1280px\" \/><\/div>\n<div id=\"story_fonte\">\n<p class=\"fonte\">Fonte:\u00a0<strong>Ascom PC<\/strong><\/p>\n<\/div>\n","protected":false},"excerpt":{"rendered":"<p>Dois homens respons\u00e1veis pela log\u00edstica de ataques a institui\u00e7\u00f5es financeiras na Bahia foram presos na manh\u00e3 desta quinta-feira (8), ap\u00f3s a deflagra\u00e7\u00e3o da terceira fase da Opera\u00e7\u00e3o Aerarium, realizada pelo Departamento de Repress\u00e3o ao Crime Organizado (Draco). A opera\u00e7\u00e3o acontece nos munic\u00edpios de Sim\u00f5es Filho, Rafael Jambeiro, Itatim, Santo Estev\u00e3o, Feira de Santana, Caetit\u00e9 e [&hellip;]<\/p>\n","protected":false},"author":1,"featured_media":103688,"comment_status":"closed","ping_status":"closed","sticky":false,"template":"","format":"standard","meta":[],"categories":[212,3],"tags":[],"_links":{"self":[{"href":"https:\/\/blitzconquista.com.br\/index.php?rest_route=\/wp\/v2\/posts\/103685"}],"collection":[{"href":"https:\/\/blitzconquista.com.br\/index.php?rest_route=\/wp\/v2\/posts"}],"about":[{"href":"https:\/\/blitzconquista.com.br\/index.php?rest_route=\/wp\/v2\/types\/post"}],"author":[{"embeddable":true,"href":"https:\/\/blitzconquista.com.br\/index.php?rest_route=\/wp\/v2\/users\/1"}],"replies":[{"embeddable":true,"href":"https:\/\/blitzconquista.com.br\/index.php?rest_route=%2Fwp%2Fv2%2Fcomments&post=103685"}],"version-history":[{"count":2,"href":"https:\/\/blitzconquista.com.br\/index.php?rest_route=\/wp\/v2\/posts\/103685\/revisions"}],"predecessor-version":[{"id":103693,"href":"https:\/\/blitzconquista.com.br\/index.php?rest_route=\/wp\/v2\/posts\/103685\/revisions\/103693"}],"wp:featuredmedia":[{"embeddable":true,"href":"https:\/\/blitzconquista.com.br\/index.php?rest_route=\/wp\/v2\/media\/103688"}],"wp:attachment":[{"href":"https:\/\/blitzconquista.com.br\/index.php?rest_route=%2Fwp%2Fv2%2Fmedia&parent=103685"}],"wp:term":[{"taxonomy":"category","embeddable":true,"href":"https:\/\/blitzconquista.com.br\/index.php?rest_route=%2Fwp%2Fv2%2Fcategories&post=103685"},{"taxonomy":"post_tag","embeddable":true,"href":"https:\/\/blitzconquista.com.br\/index.php?rest_route=%2Fwp%2Fv2%2Ftags&post=103685"}],"curies":[{"name":"wp","href":"https:\/\/api.w.org\/{rel}","templated":true}]}}