{"id":103920,"date":"2021-07-14T17:13:44","date_gmt":"2021-07-14T20:13:44","guid":{"rendered":"http:\/\/blitzconquista.com.br\/?p=103920"},"modified":"2021-07-14T17:14:44","modified_gmt":"2021-07-14T20:14:44","slug":"precisamos-revogar-a-lei-de-gerson","status":"publish","type":"post","link":"https:\/\/blitzconquista.com.br\/?p=103920","title":{"rendered":"Precisamos revogar a Lei de Gerson"},"content":{"rendered":"<figure id=\"attachment_103924\" aria-describedby=\"caption-attachment-103924\" style=\"width: 282px\" class=\"wp-caption alignleft\"><img decoding=\"async\" loading=\"lazy\" class=\" wp-image-103924\" src=\"http:\/\/blitzconquista.com.br\/wp-content\/uploads\/2021\/07\/Rosa-Cabral.jpg\" alt=\"\" width=\"282\" height=\"429\" srcset=\"https:\/\/blitzconquista.com.br\/wp-content\/uploads\/2021\/07\/Rosa-Cabral.jpg 842w, https:\/\/blitzconquista.com.br\/wp-content\/uploads\/2021\/07\/Rosa-Cabral-197x300.jpg 197w, https:\/\/blitzconquista.com.br\/wp-content\/uploads\/2021\/07\/Rosa-Cabral-430x653.jpg 430w, https:\/\/blitzconquista.com.br\/wp-content\/uploads\/2021\/07\/Rosa-Cabral-768x1168.jpg 768w\" sizes=\"(max-width: 282px) 100vw, 282px\" \/><figcaption id=\"caption-attachment-103924\" class=\"wp-caption-text\">Rosa C\u00e2ndida Lopes Cabral<br \/>Advogada Subse\u00e7\u00e3o Vit\u00f3ria da Conquista<\/figcaption><\/figure>\n<p>Ultimamente, sempre que visito as redes sociais, vejo uma discuss\u00e3o sobre ter ou n\u00e3o uma atitude <em>cringe<\/em>, sobre ser da gera\u00e7\u00e3o Millenial ou Gera\u00e7\u00e3o Z&#8230; n\u00e3o tive escolha, fui ao Google entender o que era isso e aonde eu me encaixo! Pior que eu nem me encaixo nessa discuss\u00e3o, sou da gera\u00e7\u00e3o X (nascidos entre 1665 e 1980), entre tantas explica\u00e7\u00f5es e testes acabei lendo uma express\u00e3o antiga, rarissimamente usada, mas ainda t\u00e3o presente no cotidiano dos brasileiro: a \u201cLei de G\u00e9rson\u201d.<\/p>\n<p>Se voc\u00ea \u00e9 da gera\u00e7\u00e3o Millenial talvez conhe\u00e7a a famosa \u201clei\u201d, se \u00e9 da gera\u00e7\u00e3o Z provavelmente nunca ouvir falar, mas, mesmo sem saber, vive intensamente sob a \u00e9gide dessa \u201clei\u201d. Provando que aprendemos muito pouco, ou quase nada, do que que \u00e9 viver coletivamente.<\/p>\n<p>Embora o Google esteja \u00e0 disposi\u00e7\u00e3o para quem quiser pesquisar sobre a Lei de G\u00e9rson (talvez n\u00e3o para os estudantes das escolas p\u00fablicas, pois o Presidente recorreu ao Supremo Tribunal Federal para n\u00e3o ter que oferecer conex\u00e3o \u00e0 internet para alunos e professores das escolas p\u00fablicas), vou comentar sobre a referida lei.<\/p>\n<p>Era d\u00e9cada de oitenta, uma propaganda televisiva de uma marca de cigarro (sim! Era permitido veicular propagandas de produtos que, notoriamente, causam depend\u00eancia e s\u00e3o prejudiciais \u00e0 sa\u00fade), cujo garoto propaganda era um atleta, mais precisamente um jogador de futebol (contrassenso? Pois \u00e9&#8230; tudo fora do lugar), acendia o seu cigarro e afirmava que o neg\u00f3cio era levar vantagem em tudo! Se fosse uma propaganda regional a frase seria: farinha pouca, meu pir\u00e3o primeiro!<\/p>\n<p>E ali, com aquela fala, est\u00e1vamos sacramentando uma forma de pensar e agir do cidad\u00e3o comum brasileiro, a de que o importante era se dar bem, levar vantagem, n\u00e3o importa se n\u00e3o a atitude que o levou a ter esta vantagem era necessariamente anti\u00e9tica, se sobrepunha o interesse individual ao coletivo, o importante mesmo era levar vantagem. Consolidamos ainda mais esta pr\u00e1tica quando aceit\u00e1vamos a ideia do pol\u00edtico que \u201crouba, mas faz\u201d. E o pol\u00edtico \u00e9 reflexo de uma sociedade, n\u00e3o o contr\u00e1rio.<\/p>\n<p>E assim foi: uma gera\u00e7\u00e3o de empres\u00e1rios fraudando, descaradamente, o INSS, uma gera\u00e7\u00e3o de patr\u00f5es de empregadas dom\u00e9sticas que lhes negavam o direito b\u00e1sico ao reconhecimento do v\u00ednculo empregat\u00edcio, uma gera\u00e7\u00e3o que pregou a malandragem, a desonestidade, como sendo o nosso \u201cjeitinho brasileiro\u201d.<\/p>\n<p>\u00c9 claro que, em algum momento, tentamos desfazer essa cultura, tentamos desfazer essa ideia de que pequenas atitudes desonestas n\u00e3o fazem parte do pacote da corrup\u00e7\u00e3o. Mas fazem! A corrup\u00e7\u00e3o di\u00e1ria se manifesta quando furamos uma fila, quando sonegamos um imposto com um recibo do amigo dentista, quando colocamos os pontos da infra\u00e7\u00e3o de tr\u00e2nsito na carteira da m\u00e3e idosa que quase n\u00e3o dirige&#8230; N\u00f3s realmente tentamos&#8230; mas tentar n\u00e3o foi o bastante. Falhamos miseravelmente.<\/p>\n<p>Por alguns anos aprisionamos ao m\u00e1ximo esta forma de pensar e agir, que confundia desonestidade com esperteza. Por alguns anos ao menos nos envergonh\u00e1vamos de ter estas atitudes, n\u00e3o nos vanglori\u00e1vamos de ter \u201clevado uma vantagem\u201d. Mas ent\u00e3o, o que estava latente, hibernando, reapareceu e sob uma forma mais perversa.<\/p>\n<p>Passamos a achar escandaloso uma not\u00edcia sobre corrup\u00e7\u00e3o, mas n\u00e3o achamos mais escandaloso a corrup\u00e7\u00e3o di\u00e1ria, essa pode e qualquer coisa colocaremos a culpa na nossa quest\u00e3o cultural! Passamos a achar escandaloso um homem que bate em mulher, desde que este homem n\u00e3o seja meu jogador ou cantor favorito, a\u00ed a culpa \u00e9 da v\u00edtima! Passamos a achar escandaloso o pared\u00e3o na favela, mas n\u00e3o achamos escandaloso as festas clandestinas em bares e boates de bairros nobres, afinal, como disse a mo\u00e7a a pol\u00edcia tem que se ocupar penas da favela&#8230;<\/p>\n<p>A pandemia deveria ter criado em n\u00f3s uma consci\u00eancia maior da coletividade, de termos atitudes primeiramente em prol desta coletividade, se n\u00e3o efetivamente promovendo, ao menos almejando, uma sociedade mais justa, mais igualit\u00e1ria. Infelizmente n\u00e3o foi o que aconteceu: algu\u00e9m relembrou que embora esquecida, a \u201cLei de G\u00e9rson\u201d n\u00e3o foi devidamente revogada e foi ressuscitada com todas as for\u00e7as. Foi o pior momento revelando o pior car\u00e1ter.<\/p>\n<p>Como diria Nando Reis, o mundo est\u00e1 ao contr\u00e1rio e ningu\u00e9m reparou&#8230;<\/p>\n","protected":false},"excerpt":{"rendered":"<p>Ultimamente, sempre que visito as redes sociais, vejo uma discuss\u00e3o sobre ter ou n\u00e3o uma atitude cringe, sobre ser da gera\u00e7\u00e3o Millenial ou Gera\u00e7\u00e3o Z&#8230; n\u00e3o tive escolha, fui ao Google entender o que era isso e aonde eu me encaixo! Pior que eu nem me encaixo nessa discuss\u00e3o, sou da gera\u00e7\u00e3o X (nascidos entre [&hellip;]<\/p>\n","protected":false},"author":1,"featured_media":103924,"comment_status":"closed","ping_status":"closed","sticky":false,"template":"","format":"standard","meta":[],"categories":[1,29],"tags":[],"_links":{"self":[{"href":"https:\/\/blitzconquista.com.br\/index.php?rest_route=\/wp\/v2\/posts\/103920"}],"collection":[{"href":"https:\/\/blitzconquista.com.br\/index.php?rest_route=\/wp\/v2\/posts"}],"about":[{"href":"https:\/\/blitzconquista.com.br\/index.php?rest_route=\/wp\/v2\/types\/post"}],"author":[{"embeddable":true,"href":"https:\/\/blitzconquista.com.br\/index.php?rest_route=\/wp\/v2\/users\/1"}],"replies":[{"embeddable":true,"href":"https:\/\/blitzconquista.com.br\/index.php?rest_route=%2Fwp%2Fv2%2Fcomments&post=103920"}],"version-history":[{"count":3,"href":"https:\/\/blitzconquista.com.br\/index.php?rest_route=\/wp\/v2\/posts\/103920\/revisions"}],"predecessor-version":[{"id":103933,"href":"https:\/\/blitzconquista.com.br\/index.php?rest_route=\/wp\/v2\/posts\/103920\/revisions\/103933"}],"wp:featuredmedia":[{"embeddable":true,"href":"https:\/\/blitzconquista.com.br\/index.php?rest_route=\/wp\/v2\/media\/103924"}],"wp:attachment":[{"href":"https:\/\/blitzconquista.com.br\/index.php?rest_route=%2Fwp%2Fv2%2Fmedia&parent=103920"}],"wp:term":[{"taxonomy":"category","embeddable":true,"href":"https:\/\/blitzconquista.com.br\/index.php?rest_route=%2Fwp%2Fv2%2Fcategories&post=103920"},{"taxonomy":"post_tag","embeddable":true,"href":"https:\/\/blitzconquista.com.br\/index.php?rest_route=%2Fwp%2Fv2%2Ftags&post=103920"}],"curies":[{"name":"wp","href":"https:\/\/api.w.org\/{rel}","templated":true}]}}