{"id":104083,"date":"2021-07-19T00:38:29","date_gmt":"2021-07-19T03:38:29","guid":{"rendered":"http:\/\/blitzconquista.com.br\/?p=104083"},"modified":"2021-07-19T00:40:56","modified_gmt":"2021-07-19T03:40:56","slug":"lucia-rocha-quer-a-prefeitura-de-vitoria-da-conquista","status":"publish","type":"post","link":"https:\/\/blitzconquista.com.br\/?p=104083","title":{"rendered":"L\u00facia Rocha quer a Prefeitura de Vit\u00f3ria da Conquista"},"content":{"rendered":"<p>Por <a href=\"http:\/\/www.blogdopaulonunes.com\/v4\/\">Paulo Nunes<\/a><\/p>\n<p>&nbsp;<\/p>\n<p><span data-contrast=\"auto\">Perguntaram ao jornalista Roberto Marinho, porque ele fazia tanto sucesso com seu jornal, O Globo. Ele disse o seguinte a quem o interpelou: \u201co jornal \u00e9 bom pelo que ele n\u00e3o d\u00e1\u201d. Sendo assim, a pol\u00edtica tamb\u00e9m, como j\u00e1 dizia um grande amigo meu, que agora acha que n\u00e3o deve ser mais, e me disse um dia (esse eu vou preservar o nome). Paulo Nunes a pol\u00edtica s\u00f3 tem gra\u00e7a se tiver trai\u00e7\u00e3o. E isso eu acredito que tem uma certa raz\u00e3o, e vem desde Roma. N\u00e3o \u00e9? Com a hist\u00f3ria de Brutus, Cassius e C\u00e9sar. N\u00e3o \u00e9?\u00a0<\/span><span data-ccp-props=\"{&quot;201341983&quot;:0,&quot;335559739&quot;:160,&quot;335559740&quot;:257}\">\u00a0<\/span><\/p>\n<p><span data-contrast=\"auto\">Bom, mas isso n\u00e3o se aplica o que eu vou dizer agora. A vereadora L\u00facia\u00a0Rocha, que j\u00e1 pertenceu ao PTB, ao Democratas (PFL que \u00e9 a mesma coisa) e agora est\u00e1 no MDB, sempre foi a vereadora mais votada de Vit\u00f3ria da Conquista nos \u00faltimos tempos. Sendo assim, ela tem uma gama de votos, mas n\u00e3o consegue formar um grupo pol\u00edtico. Isso eu mesmo j\u00e1 disse a ela. O que L\u00facia\u00a0Rocha\u00a0faz agora? Ela viaja a Bras\u00edlia e de l\u00e1 volta<\/span><span data-contrast=\"none\">\u00a0com o MDB<\/span><span data-contrast=\"auto\">\u00a0dentro da bolsa. O MDB, com todo respeito aos meus amigos do MDB, aquele partido de Vit\u00f3ria da Conquista &#8211; e eu n\u00e3o posso mudar a opini\u00e3o que \u00e9 um grande partido -, mas n\u00e3o consegue ter uma sede para se reunir. Perguntado uma vez a antiga presidente do partido, se o PMDB tinha endere\u00e7o, a\u00ed ela me respondeu: tem endere\u00e7o eletr\u00f4nico. Sendo assim, o que eu quero dizer agora: \u00e9 preciso se enxergar as laterais. Quando voc\u00ea v\u00ea um passo pol\u00edtico desse dado por L\u00facia\u00a0Rocha, volta L\u00facia\u00a0Rocha\u00a0para presidir o MDB e tentar pela primeira vez na sua hist\u00f3ria pol\u00edtica formar um grupo. L\u00e1 ela encontra o presidente da C\u00e2mara, Lu\u00eds Carlos\u00a0Dud\u00e9, habilidoso demais na pol\u00edtica, e tamb\u00e9m o Gilmar Ferraz, que j\u00e1 foi vereador em Vit\u00f3ria da Conquista e, infelizmente, derrotado nas \u00faltimas elei\u00e7\u00f5es, na sua pretens\u00e3o a ser deputado. L\u00facia\u00a0Rocha\u00a0pretende ser deputada em\u00a0Vit\u00f3ria da Conquista e sabe que precisa garimpar muito voto fora de Vit\u00f3ria da Conquista. Encontrou nas asas do MDB um ref\u00fagio melhor do que o Democratas. Com isso ela come\u00e7a a ter atitudes governamentais em Bras\u00edlia e Salvador para fazer uma concorr\u00eancia direta com a atual prefeita Sheila Lemos. Sheila Lemos chegou \u00e0 prefeitura de Vit\u00f3ria da Conquista &#8211; embora por uma fatalidade, mas L\u00facia entende que Sheila n\u00e3o tem voto. Mas, que ela assim, que foi vereadora v\u00e1rias vezes e candidata a deputada passou dos 20000 votos. Coisa que a atual prefeita n\u00e3o conseguiu. E a\u00ed estabelece a disputa naquela ideia de que agora \u00e9 a vez da mulher. \u00c9 um mote interessante. L\u00facia\u00a0Rocha\u00a0pretende ser candidata a deputada, mas est\u00e1 de olho \u00e9 na prefeitura de Vit\u00f3ria da Conquista e, por isso, tentar\u00e1 fazer um governo paralelo, tentando trazer obras com seus parceiros em Bras\u00edlia e em Salvador, para que Vit\u00f3ria da Conquista veja o seu nome numa consequ\u00eancia melhor do que aquela pol\u00edtica assistencialista que ela sempre fez. E aqui n\u00e3o vai nenhuma cr\u00edtica minha a esse respeito. L\u00facia\u00a0Rocha\u00a0tem 68 anos de idade, mas n\u00e3o se sente velha para novas tentativas. E a\u00ed, como eu fiz um paralelo com Roberto Marinho, posso dizer que Roberto Marinho, quando assumiu o jornal o Globo e depois fez esse grande conglomerado de r\u00e1dio, televis\u00e3o e jornal, tinha 65 anos. \u00c9 bom prestar aten\u00e7\u00e3o que tudo muda, como j\u00e1 dizia um grande fil\u00f3sofo, que voc\u00eas v\u00e3o adivinhar o nome, talvez o grande fil\u00f3sofo da pol\u00edtica. Ele disse o seguinte: \u201cnenhum poder \u00e9 para sempre\u201d.<\/span><span data-ccp-props=\"{&quot;201341983&quot;:0,&quot;335559739&quot;:160,&quot;335559740&quot;:257}\">\u00a0<\/span><\/p>\n<p>&nbsp;<\/p>\n<h3>Ou\u00e7a o \u00e1udio:<\/h3>\n<p><iframe loading=\"lazy\" title=\"L\u00facia Rocha quer a Prefeitura  de Vit\u00f3ria da Conquista\" width=\"1320\" height=\"743\" src=\"https:\/\/www.youtube.com\/embed\/-WCQRNo0On4?feature=oembed\" frameborder=\"0\" allow=\"accelerometer; autoplay; clipboard-write; encrypted-media; gyroscope; picture-in-picture\" allowfullscreen><\/iframe><\/p>\n","protected":false},"excerpt":{"rendered":"<p>Por Paulo Nunes &nbsp; Perguntaram ao jornalista Roberto Marinho, porque ele fazia tanto sucesso com seu jornal, O Globo. Ele disse o seguinte a quem o interpelou: \u201co jornal \u00e9 bom pelo que ele n\u00e3o d\u00e1\u201d. Sendo assim, a pol\u00edtica tamb\u00e9m, como j\u00e1 dizia um grande amigo meu, que agora acha que n\u00e3o deve ser [&hellip;]<\/p>\n","protected":false},"author":1,"featured_media":104089,"comment_status":"closed","ping_status":"closed","sticky":false,"template":"","format":"standard","meta":[],"categories":[1,29,5],"tags":[],"_links":{"self":[{"href":"https:\/\/blitzconquista.com.br\/index.php?rest_route=\/wp\/v2\/posts\/104083"}],"collection":[{"href":"https:\/\/blitzconquista.com.br\/index.php?rest_route=\/wp\/v2\/posts"}],"about":[{"href":"https:\/\/blitzconquista.com.br\/index.php?rest_route=\/wp\/v2\/types\/post"}],"author":[{"embeddable":true,"href":"https:\/\/blitzconquista.com.br\/index.php?rest_route=\/wp\/v2\/users\/1"}],"replies":[{"embeddable":true,"href":"https:\/\/blitzconquista.com.br\/index.php?rest_route=%2Fwp%2Fv2%2Fcomments&post=104083"}],"version-history":[{"count":1,"href":"https:\/\/blitzconquista.com.br\/index.php?rest_route=\/wp\/v2\/posts\/104083\/revisions"}],"predecessor-version":[{"id":104090,"href":"https:\/\/blitzconquista.com.br\/index.php?rest_route=\/wp\/v2\/posts\/104083\/revisions\/104090"}],"wp:featuredmedia":[{"embeddable":true,"href":"https:\/\/blitzconquista.com.br\/index.php?rest_route=\/wp\/v2\/media\/104089"}],"wp:attachment":[{"href":"https:\/\/blitzconquista.com.br\/index.php?rest_route=%2Fwp%2Fv2%2Fmedia&parent=104083"}],"wp:term":[{"taxonomy":"category","embeddable":true,"href":"https:\/\/blitzconquista.com.br\/index.php?rest_route=%2Fwp%2Fv2%2Fcategories&post=104083"},{"taxonomy":"post_tag","embeddable":true,"href":"https:\/\/blitzconquista.com.br\/index.php?rest_route=%2Fwp%2Fv2%2Ftags&post=104083"}],"curies":[{"name":"wp","href":"https:\/\/api.w.org\/{rel}","templated":true}]}}