{"id":104246,"date":"2021-07-22T20:46:32","date_gmt":"2021-07-22T23:46:32","guid":{"rendered":"http:\/\/blitzconquista.com.br\/?p=104246"},"modified":"2021-07-22T20:48:10","modified_gmt":"2021-07-22T23:48:10","slug":"104246","status":"publish","type":"post","link":"https:\/\/blitzconquista.com.br\/?p=104246","title":{"rendered":"Projeto Rede Colaborativa Rural"},"content":{"rendered":"<p><img decoding=\"async\" loading=\"lazy\" class=\"aligncenter size-full wp-image-104251\" src=\"http:\/\/blitzconquista.com.br\/wp-content\/uploads\/2021\/07\/Reuniao-Rede-Colaborativa-Rural2.jpg\" alt=\"\" width=\"1280\" height=\"1280\" srcset=\"https:\/\/blitzconquista.com.br\/wp-content\/uploads\/2021\/07\/Reuniao-Rede-Colaborativa-Rural2.jpg 1280w, https:\/\/blitzconquista.com.br\/wp-content\/uploads\/2021\/07\/Reuniao-Rede-Colaborativa-Rural2-300x300.jpg 300w, https:\/\/blitzconquista.com.br\/wp-content\/uploads\/2021\/07\/Reuniao-Rede-Colaborativa-Rural2-653x653.jpg 653w, https:\/\/blitzconquista.com.br\/wp-content\/uploads\/2021\/07\/Reuniao-Rede-Colaborativa-Rural2-150x150.jpg 150w, https:\/\/blitzconquista.com.br\/wp-content\/uploads\/2021\/07\/Reuniao-Rede-Colaborativa-Rural2-768x768.jpg 768w, https:\/\/blitzconquista.com.br\/wp-content\/uploads\/2021\/07\/Reuniao-Rede-Colaborativa-Rural2-65x65.jpg 65w, https:\/\/blitzconquista.com.br\/wp-content\/uploads\/2021\/07\/Reuniao-Rede-Colaborativa-Rural2-990x990.jpg 990w\" sizes=\"(max-width: 1280px) 100vw, 1280px\" \/><\/p>\n<p>O Cel PM Ivanildo, Comandante do CPRSO, acompanhado pelo Ten Cel PM Moreira, Comandante da 92\u00aa CIPM, promoveram na manh\u00e3 de hoje (22) reuni\u00e3o com empres\u00e1rios da Zona Rural de Vit\u00f3ria da Conquista, para tratar do Projeto Rede Colaborativa Rural. Todos participantes presentes elogiaram a iniciativa e confirmaram ades\u00e3o ao projeto.<br \/>\nA Rede Colaborativa Rural constituir\u00e1 importante alicerce para financiamento de projetos de investimentos e sociais em prol da Seguran\u00e7a P\u00fablica na Zona Rural de Vit\u00f3ria da Conquista. Conforme cronograma do projeto, o lan\u00e7amento da Rede est\u00e1 previsto para setembro de 2021.<\/p>\n<p><img decoding=\"async\" loading=\"lazy\" class=\"aligncenter size-full wp-image-104250\" src=\"http:\/\/blitzconquista.com.br\/wp-content\/uploads\/2021\/07\/Reuniao-Rede-Colaborativa-Rural.jpg\" alt=\"\" width=\"1280\" height=\"1280\" srcset=\"https:\/\/blitzconquista.com.br\/wp-content\/uploads\/2021\/07\/Reuniao-Rede-Colaborativa-Rural.jpg 1280w, https:\/\/blitzconquista.com.br\/wp-content\/uploads\/2021\/07\/Reuniao-Rede-Colaborativa-Rural-300x300.jpg 300w, https:\/\/blitzconquista.com.br\/wp-content\/uploads\/2021\/07\/Reuniao-Rede-Colaborativa-Rural-653x653.jpg 653w, https:\/\/blitzconquista.com.br\/wp-content\/uploads\/2021\/07\/Reuniao-Rede-Colaborativa-Rural-150x150.jpg 150w, https:\/\/blitzconquista.com.br\/wp-content\/uploads\/2021\/07\/Reuniao-Rede-Colaborativa-Rural-768x768.jpg 768w, https:\/\/blitzconquista.com.br\/wp-content\/uploads\/2021\/07\/Reuniao-Rede-Colaborativa-Rural-65x65.jpg 65w, https:\/\/blitzconquista.com.br\/wp-content\/uploads\/2021\/07\/Reuniao-Rede-Colaborativa-Rural-990x990.jpg 990w\" sizes=\"(max-width: 1280px) 100vw, 1280px\" \/><\/p>\n<p>Fonte: ASCOM\/CPRSO<\/p>\n","protected":false},"excerpt":{"rendered":"<p>O Cel PM Ivanildo, Comandante do CPRSO, acompanhado pelo Ten Cel PM Moreira, Comandante da 92\u00aa CIPM, promoveram na manh\u00e3 de hoje (22) reuni\u00e3o com empres\u00e1rios da Zona Rural de Vit\u00f3ria da Conquista, para tratar do Projeto Rede Colaborativa Rural. Todos participantes presentes elogiaram a iniciativa e confirmaram ades\u00e3o ao projeto. A Rede Colaborativa Rural [&hellip;]<\/p>\n","protected":false},"author":1,"featured_media":104249,"comment_status":"closed","ping_status":"closed","sticky":false,"template":"","format":"standard","meta":[],"categories":[3],"tags":[],"_links":{"self":[{"href":"https:\/\/blitzconquista.com.br\/index.php?rest_route=\/wp\/v2\/posts\/104246"}],"collection":[{"href":"https:\/\/blitzconquista.com.br\/index.php?rest_route=\/wp\/v2\/posts"}],"about":[{"href":"https:\/\/blitzconquista.com.br\/index.php?rest_route=\/wp\/v2\/types\/post"}],"author":[{"embeddable":true,"href":"https:\/\/blitzconquista.com.br\/index.php?rest_route=\/wp\/v2\/users\/1"}],"replies":[{"embeddable":true,"href":"https:\/\/blitzconquista.com.br\/index.php?rest_route=%2Fwp%2Fv2%2Fcomments&post=104246"}],"version-history":[{"count":2,"href":"https:\/\/blitzconquista.com.br\/index.php?rest_route=\/wp\/v2\/posts\/104246\/revisions"}],"predecessor-version":[{"id":104253,"href":"https:\/\/blitzconquista.com.br\/index.php?rest_route=\/wp\/v2\/posts\/104246\/revisions\/104253"}],"wp:featuredmedia":[{"embeddable":true,"href":"https:\/\/blitzconquista.com.br\/index.php?rest_route=\/wp\/v2\/media\/104249"}],"wp:attachment":[{"href":"https:\/\/blitzconquista.com.br\/index.php?rest_route=%2Fwp%2Fv2%2Fmedia&parent=104246"}],"wp:term":[{"taxonomy":"category","embeddable":true,"href":"https:\/\/blitzconquista.com.br\/index.php?rest_route=%2Fwp%2Fv2%2Fcategories&post=104246"},{"taxonomy":"post_tag","embeddable":true,"href":"https:\/\/blitzconquista.com.br\/index.php?rest_route=%2Fwp%2Fv2%2Ftags&post=104246"}],"curies":[{"name":"wp","href":"https:\/\/api.w.org\/{rel}","templated":true}]}}