{"id":104264,"date":"2021-07-23T07:54:36","date_gmt":"2021-07-23T10:54:36","guid":{"rendered":"http:\/\/blitzconquista.com.br\/?p=104264"},"modified":"2021-07-23T07:55:09","modified_gmt":"2021-07-23T10:55:09","slug":"79a-cipm-realiza-palestra-sobre-aspectos-da-ansiedade-e-depressao-na-cidade-de-pocoes","status":"publish","type":"post","link":"https:\/\/blitzconquista.com.br\/?p=104264","title":{"rendered":"79\u00aa CIPM realiza palestra sobre aspectos da ansiedade e depress\u00e3o na cidade de Po\u00e7\u00f5es"},"content":{"rendered":"<p><img decoding=\"async\" loading=\"lazy\" class=\"aligncenter wp-image-104268\" src=\"http:\/\/blitzconquista.com.br\/wp-content\/uploads\/2021\/07\/Palestra-79-CIPM3.jpg\" alt=\"\" width=\"620\" height=\"427\" srcset=\"https:\/\/blitzconquista.com.br\/wp-content\/uploads\/2021\/07\/Palestra-79-CIPM3.jpg 1280w, https:\/\/blitzconquista.com.br\/wp-content\/uploads\/2021\/07\/Palestra-79-CIPM3-300x207.jpg 300w, https:\/\/blitzconquista.com.br\/wp-content\/uploads\/2021\/07\/Palestra-79-CIPM3-695x479.jpg 695w, https:\/\/blitzconquista.com.br\/wp-content\/uploads\/2021\/07\/Palestra-79-CIPM3-768x529.jpg 768w, https:\/\/blitzconquista.com.br\/wp-content\/uploads\/2021\/07\/Palestra-79-CIPM3-990x682.jpg 990w\" sizes=\"(max-width: 620px) 100vw, 620px\" \/><\/p>\n<p>Na manh\u00e3 desta quinta-feira (22), a 79\u00aa CIPM realizou Parada Geral com efetivo da Unidade na cidade de Po\u00e7\u00f5es. Na oportunidade, a Dr.\u00aa Eidy de Miranda Silva, m\u00e9dica e psic\u00f3loga, palestrou sobre aspectos da ansiedade e depress\u00e3o com foco em policiais militares.<\/p>\n<p>O evento, que foi realizado no espa\u00e7o do audit\u00f3rio do Col\u00e9gio Din\u00e2mico, teve in\u00edcio com um momento de f\u00e9, com as palavras Capel\u00e3o da Pol\u00edcia Militar, Rev. Aristides Aparecido Bueno. Logo em seguida, os oficiais da Companhia apresentaram os indicadores da Produtividade Operacional e utiliza\u00e7\u00e3o de novas ferramentas tecnol\u00f3gicas de gest\u00e3o da informa\u00e7\u00e3o que est\u00e3o sendo adotadas pela OPM.<\/p>\n<p>No segundo momento, a Dr.\u00aa Eidy Miranda deu in\u00edcio \u00e0 palestra sobre aspectos da ansiedade e depress\u00e3o com foco em policiais militares. O tema foi sugerido pelos pr\u00f3prios militares que integram a Unidade, os quais acompanharam atentamente as informa\u00e7\u00f5es apresentadas.<\/p>\n<p>Por fim, o Maj PM Alecio Marques, Comandante da Companhia, destacou a import\u00e2ncia do tema e agradeceu a todo efetivo pelos excelentes resultados que a Unidade tem alcan\u00e7ado.<\/p>\n<p><img decoding=\"async\" loading=\"lazy\" class=\"aligncenter size-full wp-image-104266\" src=\"http:\/\/blitzconquista.com.br\/wp-content\/uploads\/2021\/07\/Palestra-79-CIPM1.jpg\" alt=\"\" width=\"1280\" height=\"1070\" srcset=\"https:\/\/blitzconquista.com.br\/wp-content\/uploads\/2021\/07\/Palestra-79-CIPM1.jpg 1280w, https:\/\/blitzconquista.com.br\/wp-content\/uploads\/2021\/07\/Palestra-79-CIPM1-300x251.jpg 300w, https:\/\/blitzconquista.com.br\/wp-content\/uploads\/2021\/07\/Palestra-79-CIPM1-695x581.jpg 695w, https:\/\/blitzconquista.com.br\/wp-content\/uploads\/2021\/07\/Palestra-79-CIPM1-768x642.jpg 768w, https:\/\/blitzconquista.com.br\/wp-content\/uploads\/2021\/07\/Palestra-79-CIPM1-990x828.jpg 990w\" sizes=\"(max-width: 1280px) 100vw, 1280px\" \/><\/p>\n<p><img decoding=\"async\" loading=\"lazy\" class=\"aligncenter size-full wp-image-104267\" src=\"http:\/\/blitzconquista.com.br\/wp-content\/uploads\/2021\/07\/Palestra-79-CIPM2.jpg\" alt=\"\" width=\"1280\" height=\"958\" srcset=\"https:\/\/blitzconquista.com.br\/wp-content\/uploads\/2021\/07\/Palestra-79-CIPM2.jpg 1280w, https:\/\/blitzconquista.com.br\/wp-content\/uploads\/2021\/07\/Palestra-79-CIPM2-300x225.jpg 300w, https:\/\/blitzconquista.com.br\/wp-content\/uploads\/2021\/07\/Palestra-79-CIPM2-695x520.jpg 695w, https:\/\/blitzconquista.com.br\/wp-content\/uploads\/2021\/07\/Palestra-79-CIPM2-768x575.jpg 768w, https:\/\/blitzconquista.com.br\/wp-content\/uploads\/2021\/07\/Palestra-79-CIPM2-74x55.jpg 74w, https:\/\/blitzconquista.com.br\/wp-content\/uploads\/2021\/07\/Palestra-79-CIPM2-111x83.jpg 111w, https:\/\/blitzconquista.com.br\/wp-content\/uploads\/2021\/07\/Palestra-79-CIPM2-215x161.jpg 215w, https:\/\/blitzconquista.com.br\/wp-content\/uploads\/2021\/07\/Palestra-79-CIPM2-990x741.jpg 990w\" sizes=\"(max-width: 1280px) 100vw, 1280px\" \/><\/p>\n<p>Fonte: 79\u00aaCIPM, ASCOM<\/p>\n","protected":false},"excerpt":{"rendered":"<p>Na manh\u00e3 desta quinta-feira (22), a 79\u00aa CIPM realizou Parada Geral com efetivo da Unidade na cidade de Po\u00e7\u00f5es. Na oportunidade, a Dr.\u00aa Eidy de Miranda Silva, m\u00e9dica e psic\u00f3loga, palestrou sobre aspectos da ansiedade e depress\u00e3o com foco em policiais militares. O evento, que foi realizado no espa\u00e7o do audit\u00f3rio do Col\u00e9gio Din\u00e2mico, teve [&hellip;]<\/p>\n","protected":false},"author":1,"featured_media":104266,"comment_status":"closed","ping_status":"closed","sticky":false,"template":"","format":"standard","meta":[],"categories":[3],"tags":[],"_links":{"self":[{"href":"https:\/\/blitzconquista.com.br\/index.php?rest_route=\/wp\/v2\/posts\/104264"}],"collection":[{"href":"https:\/\/blitzconquista.com.br\/index.php?rest_route=\/wp\/v2\/posts"}],"about":[{"href":"https:\/\/blitzconquista.com.br\/index.php?rest_route=\/wp\/v2\/types\/post"}],"author":[{"embeddable":true,"href":"https:\/\/blitzconquista.com.br\/index.php?rest_route=\/wp\/v2\/users\/1"}],"replies":[{"embeddable":true,"href":"https:\/\/blitzconquista.com.br\/index.php?rest_route=%2Fwp%2Fv2%2Fcomments&post=104264"}],"version-history":[{"count":1,"href":"https:\/\/blitzconquista.com.br\/index.php?rest_route=\/wp\/v2\/posts\/104264\/revisions"}],"predecessor-version":[{"id":104269,"href":"https:\/\/blitzconquista.com.br\/index.php?rest_route=\/wp\/v2\/posts\/104264\/revisions\/104269"}],"wp:featuredmedia":[{"embeddable":true,"href":"https:\/\/blitzconquista.com.br\/index.php?rest_route=\/wp\/v2\/media\/104266"}],"wp:attachment":[{"href":"https:\/\/blitzconquista.com.br\/index.php?rest_route=%2Fwp%2Fv2%2Fmedia&parent=104264"}],"wp:term":[{"taxonomy":"category","embeddable":true,"href":"https:\/\/blitzconquista.com.br\/index.php?rest_route=%2Fwp%2Fv2%2Fcategories&post=104264"},{"taxonomy":"post_tag","embeddable":true,"href":"https:\/\/blitzconquista.com.br\/index.php?rest_route=%2Fwp%2Fv2%2Ftags&post=104264"}],"curies":[{"name":"wp","href":"https:\/\/api.w.org\/{rel}","templated":true}]}}