{"id":104370,"date":"2021-07-26T16:08:52","date_gmt":"2021-07-26T19:08:52","guid":{"rendered":"http:\/\/blitzconquista.com.br\/?p=104370"},"modified":"2021-07-26T16:09:57","modified_gmt":"2021-07-26T19:09:57","slug":"transporte-urbano-em-vitoria-da-conquista-e-o-pior-da-bahia","status":"publish","type":"post","link":"https:\/\/blitzconquista.com.br\/?p=104370","title":{"rendered":"Transporte urbano em Vit\u00f3ria da Conquista \u00e9 o pior da\u00a0Bahia"},"content":{"rendered":"<h3 style=\"text-align: center;\" aria-level=\"1\"><b><span data-contrast=\"none\">Transporte coletivo urbano \u00e9 de interesse p\u00fablico. Talvez, a melhor coisa que o poder p\u00fablico poderia fazer pelo trabalhador seria de fornecer um transporte p\u00fablico decente, \u00e0 altura da necessidade daqueles que trabalham em prol do desenvolvimento da nossa cidade.<\/span><\/b><span data-ccp-props=\"{&quot;201341983&quot;:0,&quot;335559738&quot;:240,&quot;335559739&quot;:0,&quot;335559740&quot;:259}\">\u00a0<\/span><\/h3>\n<p aria-level=\"1\"><b><span data-contrast=\"none\"><img decoding=\"async\" loading=\"lazy\" class=\" wp-image-104373 alignleft\" src=\"http:\/\/blitzconquista.com.br\/wp-content\/uploads\/2021\/07\/Paulo-Nunes-Imagem.jpg\" alt=\"\" width=\"818\" height=\"272\" srcset=\"https:\/\/blitzconquista.com.br\/wp-content\/uploads\/2021\/07\/Paulo-Nunes-Imagem.jpg 560w, https:\/\/blitzconquista.com.br\/wp-content\/uploads\/2021\/07\/Paulo-Nunes-Imagem-300x100.jpg 300w\" sizes=\"(max-width: 818px) 100vw, 818px\" \/><\/span><\/b>(Antes de qualquer coisa meus, queridos amigos e amigas, gostaria que voc\u00ea se inscrevesse no nosso canal caso n\u00e3o seja inscrito \u00e9 claro e apertasse tamb\u00e9m no sininho para que voc\u00ea recebesse as notifica\u00e7\u00f5es do YouTube quando n\u00f3s fizemos um coment\u00e1rio aqui)<\/p>\n<p aria-level=\"1\">O transporte coletivo de Vit\u00f3ria da Conquista foi uma mat\u00e9ria tratada por n\u00f3s atrav\u00e9s de 30 editoriais. Em princ\u00edpio,\u00a0o ex-prefeito de Vit\u00f3ria da Conquista\u00a0dizia que iria estabelecer uma concorr\u00eancia predat\u00f3ria em Vit\u00f3ria da Conquista, colocando 3 empresas de \u00f4nibus para que essas disputassem os 2 mi de usu\u00e1rios do transporte coletivo.\u00a0Um verdadeiro absurdo\u00a0combatido por n\u00f3s, tanto no r\u00e1dio como no blog e como no jornal. Mais adiante, o prefeito de Vit\u00f3ria da Conquista (J\u00e1 falecido. Eu pe\u00e7o desculpas, mas eu estou apenas fazendo um relato hist\u00f3rico) assume o governo e diz que o transporte coletivo n\u00e3o era problema em Vit\u00f3ria da Conquista porque, numa pesquisa que ele tinha em m\u00e3os, achavam ruim o transporte coletivo de Vit\u00f3ria da Conquista apenas 3% da popula\u00e7\u00e3o.<\/p>\n<p aria-level=\"1\">Meu querido Carlos Costa fala de uma pesquisa que o prefeito tinha em m\u00e3os. Posso assegurar que essa pesquisa que o prefeito tinha em m\u00e3os era pesquisa do hoje em data, feita ainda no governo do prefeito Guilherme Menezes. Mas, algo \u00e9 necess\u00e1rio ressaltar: o prefeito Guilherme Menezes deu a Vit\u00f3ria da Conquista a oportunidade de conseguir como cidade do interior da Bahia o seu melhor transporte coletivo.<\/p>\n<p aria-level=\"1\">O proletariado de Vit\u00f3ria da Conquista, e \u00e9 claro, sempre haver\u00e1 uma queixa no transporte coletivo, porque se trata de \u00f4nibus e se trata de m\u00e1quinas e operadas por pessoas. Falhas sempre iriam e ir\u00e3o existir, mas, no contexto geral, atendia muito bem a cidade, mesmo com as 2 empresas e uma delas com muita dificuldade, que foi a via\u00e7\u00e3o Vit\u00f3ria. Mas a cidade verde\u00a0mostrou ao p\u00fablico de Vit\u00f3ria da Conquista que era poss\u00edvel viajar tendo um transporte limpo e um atendimento de boa qualidade, a altura do povo de conquista. Mas isso n\u00e3o pareceu suficiente para aqueles que lutam apenas por quest\u00f5es pol\u00edticas partid\u00e1rias, mesquinhas, sem se importar com a destrui\u00e7\u00e3o de uma empresa como a cidade verde, para simplesmente optar pelo que Vit\u00f3ria da Conquista agora est\u00e1 (tendo).<\/p>\n<p aria-level=\"1\">\u00c9 lament\u00e1vel, por exemplo, que um colega meu tenha dito que, mesmo que se colocasse uma limusine o povo iria reclamar. Mas, eu sei que o colega falou da boca para fora porque n\u00e3o \u00e9 d\u00e1diva do governo o transporte coletivo para o proletariado, \u00e9 um direito que a pessoa tem, porque \u00e9 o governo que organiza o trabalho. \u00c9 bom que se entenda que cabe a quem est\u00e1 governando criar as condi\u00e7\u00f5es necess\u00e1rias para que as pessoas cheguem ao trabalho, da mesma forma, meu caro colega, que quando voc\u00ea coloca uma escola voc\u00ea tem que colocar a escola sempre com a dist\u00e2ncia m\u00e1xima de 2 km das fam\u00edlias, para que as pessoas n\u00e3o se desgastem muito para ir \u00e0 escola. \u00c9 assim que funciona. Verifique as escolas de Vit\u00f3ria da Conquista como elas s\u00e3o constru\u00eddas, verifique que as coisas de governo elas t\u00eam que ser direcionadas assim. Verifique, por exemplo, onde s\u00e3o colocados os postos de sa\u00fade, os hospitais e as cl\u00ednicas. Tudo isso visa facilitar o encaminhamento das pessoas.<\/p>\n<p aria-level=\"1\">E o transporte coletivo passa a ser importante porque \u00e9 estabelecido de forma governamental, de forma que nenhum usu\u00e1rio de transporte coletivo possa gastar mais de 1 hora para chegar ao seu local de trabalho. Do contr\u00e1rio, estaria ele gastando quase o tempo todo de sua vida numa viagem. E n\u00e3o vamos colocar como exemplo S\u00e3o Paulo, vamos tratar da nossa Vit\u00f3ria da Conquista. Por isso\u00a0que no planejamento as linhas s\u00e3o estabelecidas atendendo a cada local de cada bairro para facilitar o encaminhamento do proletariado, que \u00e9 o que mais usa o transporte coletivo.<\/p>\n<p aria-level=\"1\">Ora, o transporte coletivo \u00e9 cobrado da popula\u00e7\u00e3o, mas \u00e9 uma obriga\u00e7\u00e3o da prefeitura municipal. \u00c9 preciso o cidad\u00e3o entender que, se fosse poss\u00edvel, o transporte coletivo deveria ser bom e gratuito. Bastava que, para isso, os insumos n\u00e3o fossem taxados e que houvesse, por exemplo, algum outro tipo de receita do munic\u00edpio que pudesse sustentar o transporte coletivo. Existem cidades que n\u00e3o se cobra transporte coletivo. Ent\u00e3o, n\u00e3o \u00e9 uma matem\u00e1tica t\u00e3o dif\u00edcil. Posso dizer aos senhores que existem v\u00e1rias maneiras de diminuir o valor do transporte coletivo &#8211; inclusive, em Vit\u00f3ria da Conquista, se cobrar R$ 3,80 de uma pessoa, \u00e9 um assalto, porque n\u00e3o se pode com 4, 5 km de dist\u00e2ncia, dentro de um \u00f4nibus, onde, \u00e0s vezes, tem 100 pessoas, que voc\u00ea cobre uma tarifa t\u00e3o alta, em um transporte coletivo ruim.<\/p>\n<p aria-level=\"1\">Ent\u00e3o, \u00e9 preciso se chamar aten\u00e7\u00e3o para essas coisas. E a culpa do transporte coletivo ruim n\u00e3o \u00e9 de outra pessoa, \u00e9 do poder p\u00fablico municipal, porque Vit\u00f3ria da Conquista tinha uma empresa chamada Cidade Verde operando, \u00e0s vezes acumulando preju\u00edzo, mas mantendo o contrato. Mas, fizeram tudo o que puderam para destru\u00ed-la, e conseguiram. E nessa batida destru\u00edram tamb\u00e9m a outra que j\u00e1 estava fraca.\u00a0E Vit\u00f3ria da Conquista, hoje, tem uma coisa desleal, uma coisa imoral, uma coisa desumana com voc\u00ea que est\u00e1 aqui reclamando da possibilidade de pagar a taxa de lixo. Voc\u00ea n\u00e3o sabe. N\u00e3o \u00e9 aquela tachinha de lixo, que pode lhe custar 10, 15 ou 20 reais por m\u00eas, n\u00e3o \u00e9 isso. Voc\u00ea n\u00e3o faz nem ideia do que voc\u00ea est\u00e1 pagando para que a prefeitura de Vit\u00f3ria da Conquista mantenha 2 empresas explorando o transporte coletivo sem nenhum custo. \u00d4nibus velhos, sem qualidade, diferentes daqueles \u00f4nibus que voc\u00ea experimentou no passado; e as empresas tendo uma quota de participa\u00e7\u00e3o de um dinheiro que sai dos cofres da prefeitura. Portanto, o dinheiro seu, quando voc\u00ea paga o ISS, o dinheiro seu como se utiliza qualquer servi\u00e7o em Vit\u00f3ria da Conquista e naqueles servi\u00e7os que voc\u00ea paga est\u00e1 ali embutido o dinheiro que vai para a prefeitura de Conquista e essa prefeitura simplesmente pega o seu dinheiro para sustentar financeiramente essas 2 empresas que exploram o servi\u00e7o aqui e que ganham no mole.<\/p>\n<p aria-level=\"1\">N\u00e3o existe isso em lugar nenhum do mundo; a prefeitura colocar uma empresa para trabalhar e dizer: olha, se voc\u00ea n\u00e3o carregar ningu\u00e9m eu lhe pago do mesmo jeito. Isso n\u00e3o existe. Onde \u00e9 que voc\u00ea encontra um servi\u00e7o desse? Ent\u00e3o, o dinheiro que \u00e9 pago \u00e0s empresas de transporte coletivo de Conquista n\u00e3o sai do bolso da prefeita, n\u00e3o sai do bolso dos vereadores. Necessariamente, sai, sim, do bolso deles junto com toda popula\u00e7\u00e3o nos impostos que paga. De modo, ent\u00e3o, que o transporte coletivo necessita ser de qualidade.<\/p>\n<p aria-level=\"1\">Agora, o que que aconteceu com conquista, que simplesmente o transporte coletivo urbano acabou? Falo sobre isso em outro \u00e1udio porque este ficou muito grande.<\/p>\n<p aria-level=\"1\">Ou\u00e7a o coment\u00e1rio:<\/p>\n<p><iframe loading=\"lazy\" title=\"Transporte  urbano em Vit\u00f3ria da Conquista \u00e9 o pior da Bahia\" width=\"1320\" height=\"743\" src=\"https:\/\/www.youtube.com\/embed\/UZV1rayL_Ws?feature=oembed\" frameborder=\"0\" allow=\"accelerometer; autoplay; clipboard-write; encrypted-media; gyroscope; picture-in-picture\" allowfullscreen><\/iframe><\/p>\n","protected":false},"excerpt":{"rendered":"<p>Transporte coletivo urbano \u00e9 de interesse p\u00fablico. Talvez, a melhor coisa que o poder p\u00fablico poderia fazer pelo trabalhador seria de fornecer um transporte p\u00fablico decente, \u00e0 altura da necessidade daqueles que trabalham em prol do desenvolvimento da nossa cidade.\u00a0 (Antes de qualquer coisa meus, queridos amigos e amigas, gostaria que voc\u00ea se inscrevesse no [&hellip;]<\/p>\n","protected":false},"author":1,"featured_media":104374,"comment_status":"closed","ping_status":"closed","sticky":false,"template":"","format":"standard","meta":[],"categories":[212,29],"tags":[],"_links":{"self":[{"href":"https:\/\/blitzconquista.com.br\/index.php?rest_route=\/wp\/v2\/posts\/104370"}],"collection":[{"href":"https:\/\/blitzconquista.com.br\/index.php?rest_route=\/wp\/v2\/posts"}],"about":[{"href":"https:\/\/blitzconquista.com.br\/index.php?rest_route=\/wp\/v2\/types\/post"}],"author":[{"embeddable":true,"href":"https:\/\/blitzconquista.com.br\/index.php?rest_route=\/wp\/v2\/users\/1"}],"replies":[{"embeddable":true,"href":"https:\/\/blitzconquista.com.br\/index.php?rest_route=%2Fwp%2Fv2%2Fcomments&post=104370"}],"version-history":[{"count":3,"href":"https:\/\/blitzconquista.com.br\/index.php?rest_route=\/wp\/v2\/posts\/104370\/revisions"}],"predecessor-version":[{"id":104377,"href":"https:\/\/blitzconquista.com.br\/index.php?rest_route=\/wp\/v2\/posts\/104370\/revisions\/104377"}],"wp:featuredmedia":[{"embeddable":true,"href":"https:\/\/blitzconquista.com.br\/index.php?rest_route=\/wp\/v2\/media\/104374"}],"wp:attachment":[{"href":"https:\/\/blitzconquista.com.br\/index.php?rest_route=%2Fwp%2Fv2%2Fmedia&parent=104370"}],"wp:term":[{"taxonomy":"category","embeddable":true,"href":"https:\/\/blitzconquista.com.br\/index.php?rest_route=%2Fwp%2Fv2%2Fcategories&post=104370"},{"taxonomy":"post_tag","embeddable":true,"href":"https:\/\/blitzconquista.com.br\/index.php?rest_route=%2Fwp%2Fv2%2Ftags&post=104370"}],"curies":[{"name":"wp","href":"https:\/\/api.w.org\/{rel}","templated":true}]}}