{"id":104644,"date":"2021-07-31T08:02:28","date_gmt":"2021-07-31T11:02:28","guid":{"rendered":"http:\/\/blitzconquista.com.br\/?p=104644"},"modified":"2021-07-31T11:12:23","modified_gmt":"2021-07-31T14:12:23","slug":"a-face-oculta-e-dilacerada-do-coren-ba-onde-a-enfermagem-vai-parar","status":"publish","type":"post","link":"https:\/\/blitzconquista.com.br\/?p=104644","title":{"rendered":"A FACE OCULTA E DILACERADA DO COREN-BA: ONDE A ENFERMAGEM VAI PARAR?"},"content":{"rendered":"<p>Por Luis Rog\u00e9rio Cosme*<\/p>\n<p><img decoding=\"async\" loading=\"lazy\" class=\"aligncenter size-full wp-image-104646\" src=\"http:\/\/blitzconquista.com.br\/wp-content\/uploads\/2021\/07\/Luiz-Rogerio-Cosme.jpg\" alt=\"\" width=\"1080\" height=\"795\" srcset=\"https:\/\/blitzconquista.com.br\/wp-content\/uploads\/2021\/07\/Luiz-Rogerio-Cosme.jpg 1080w, https:\/\/blitzconquista.com.br\/wp-content\/uploads\/2021\/07\/Luiz-Rogerio-Cosme-300x221.jpg 300w, https:\/\/blitzconquista.com.br\/wp-content\/uploads\/2021\/07\/Luiz-Rogerio-Cosme-695x512.jpg 695w, https:\/\/blitzconquista.com.br\/wp-content\/uploads\/2021\/07\/Luiz-Rogerio-Cosme-768x565.jpg 768w, https:\/\/blitzconquista.com.br\/wp-content\/uploads\/2021\/07\/Luiz-Rogerio-Cosme-74x55.jpg 74w, https:\/\/blitzconquista.com.br\/wp-content\/uploads\/2021\/07\/Luiz-Rogerio-Cosme-111x83.jpg 111w, https:\/\/blitzconquista.com.br\/wp-content\/uploads\/2021\/07\/Luiz-Rogerio-Cosme-990x729.jpg 990w\" sizes=\"(max-width: 1080px) 100vw, 1080px\" \/><\/p>\n<p>Quando a nova gest\u00e3o do Coren-Ba venceu o pleito de 2020, com a promessa de implementar as a\u00e7\u00f5es da autarquia, levando em considera\u00e7\u00e3o as demandas hist\u00f3ricas da enfermagem baiana, n\u00e3o se poderia imaginar que o ilusionismo se apagasse t\u00e3o cedo.<\/p>\n<p>O afastamento do presidente do Coren-Ba, com poucos meses no cargo, \u00a0para responder ao processo administrativo que trata \u00a0da den\u00fancia de \u201crachadinha\u201d junto ao COFEN (Decis\u00e3o n\u2070 102\/2021), envolvendo cargos comissionados, p\u00f4s em evid\u00eancia que, por detr\u00e1s da tomada do Coren-Ba pelo voto, \u00a0estaria em gesta\u00e7\u00e3o um projeto privado de poder nada sintonizado com as necessidades das categorias profissionais da enfermagem.<\/p>\n<p>A gest\u00e3o atual do Coren-Ba teria se locupletado de uma vaidade perigosa que desnudou em pouco tempo o jogo de interesses de fac\u00e7\u00f5es dentro da institui\u00e7\u00e3o? \u00a0\u00c9 o que muitos profissionais se perguntam. Se as irregularidades se comprovarem, ficar\u00e1 a certeza de que bastou a m\u00e3o tocar o poder, e os olhos vislumbrarem a cor do dinheiro, para os valores defendidos na campanha irem para o espa\u00e7o.<\/p>\n<p>Os servidores efetivos do Coren-Ba, que clamavam por uma gest\u00e3o mais aberta ao di\u00e1logo, depararam-se com uma vers\u00e3o genu\u00edna de fal\u00e1cia participativa ou democr\u00e1tica. Primeiro, porque n\u00e3o parece haver mais uma gest\u00e3o do Coren-Ba, no sentido do foco e da unidade de prop\u00f3sitos, mas, uma disputa interna de lombrigas agitadas nos intestinos da institui\u00e7\u00e3o, babando por suas prote\u00ednas sangu\u00edneas. Segundo, porque o militarismo anacr\u00f4nico parece ter tomado conta das vias administrativas da comunica\u00e7\u00e3o interna da autarquia, com o predom\u00ednio da inoper\u00e2ncia quanto \u00e0s pautas que se acumulam, de acordo com \u00a0as not\u00edcias veiculadas na m\u00eddia e nas redes sociais.<\/p>\n<p>Justi\u00e7a seja feita, a gest\u00e3o anterior do Coren foi duramente criticada, perdera o pleito por escolhas verticalizadas, por\u00e9m n\u00e3o por desvios \u00e9ticos ou legais, pass\u00edveis de processos administrativos, como se v\u00ea agora. A Enfermagem precisa recordar que foi daquele cen\u00e1rio de insatisfa\u00e7\u00e3o que a chapa vitoriosa ganhou larga vantagem. A insatisfa\u00e7\u00e3o dos profissionais da Enfermagem estava t\u00e3o evidente naquela \u00e9poca, no tocante ao modo como se deu o fechamento das subse\u00e7\u00f5es, entre outras medidas gestion\u00e1rias de teor autocr\u00e1tico e neoliberal, que a chapa 1 perderia o pleito para qualquer advers\u00e1rio minimamente organizado. Era previs\u00edvel, e foi o que aconteceu.<\/p>\n<p>Vitoriosa na disputa, a atual gest\u00e3o cometeu o equ\u00edvoco infantil de atribuir a conquista eleitoral a si mesma, e ao inv\u00e9s de operar para promover o c\u00e9u prometido ao eleitorado da Enfermagem, exp\u00f4s as v\u00edsceras de um mecanismo tenebroso de poder, e o que se v\u00ea \u00e9 o caos sob a face oculta de uma gest\u00e3o prematuramente dilacerando-se.<\/p>\n<p>Nessa hora, n\u00e3o podemos ainda asseverar se o rei j\u00e1 est\u00e1 nu aos olhos da Enfermagem baiana, ao desfilar com seu traje invis\u00edvel na pra\u00e7a, numa analogia ao conto cl\u00e1ssico de Hans Andersen. Contudo as contradi\u00e7\u00f5es da gest\u00e3o atual, ante a promessa e o realizado, apontam a grande possibilidade de que \u201c<em>h\u00e1 algo de podre no reino da Dinamarca\u201d<\/em>, isso se nos colocarmos aqui como observadores de um drama Shakespeariano&#8230;<\/p>\n<p>E que a Enfermagem tenha for\u00e7as e maturidade pol\u00edtica para sobreviver \u00e0s suas escolhas.<\/p>\n<p>________________________<\/p>\n<p>Luis Rog\u00e9rio Cosme \u00e9 Enfermeiro, docente da Universidade Federal da Bahia \u2013 campus de Vit\u00f3ria da Conquista. Militante da Sa\u00fade Coletiva.<\/p>\n<p>&nbsp;<\/p>\n<p>&nbsp;<\/p>\n<p>&nbsp;<\/p>\n<p>&nbsp;<\/p>\n","protected":false},"excerpt":{"rendered":"<p>Por Luis Rog\u00e9rio Cosme* Quando a nova gest\u00e3o do Coren-Ba venceu o pleito de 2020, com a promessa de implementar as a\u00e7\u00f5es da autarquia, levando em considera\u00e7\u00e3o as demandas hist\u00f3ricas da enfermagem baiana, n\u00e3o se poderia imaginar que o ilusionismo se apagasse t\u00e3o cedo. O afastamento do presidente do Coren-Ba, com poucos meses no cargo, [&hellip;]<\/p>\n","protected":false},"author":1,"featured_media":104646,"comment_status":"closed","ping_status":"closed","sticky":false,"template":"","format":"standard","meta":[],"categories":[212,29],"tags":[],"_links":{"self":[{"href":"https:\/\/blitzconquista.com.br\/index.php?rest_route=\/wp\/v2\/posts\/104644"}],"collection":[{"href":"https:\/\/blitzconquista.com.br\/index.php?rest_route=\/wp\/v2\/posts"}],"about":[{"href":"https:\/\/blitzconquista.com.br\/index.php?rest_route=\/wp\/v2\/types\/post"}],"author":[{"embeddable":true,"href":"https:\/\/blitzconquista.com.br\/index.php?rest_route=\/wp\/v2\/users\/1"}],"replies":[{"embeddable":true,"href":"https:\/\/blitzconquista.com.br\/index.php?rest_route=%2Fwp%2Fv2%2Fcomments&post=104644"}],"version-history":[{"count":3,"href":"https:\/\/blitzconquista.com.br\/index.php?rest_route=\/wp\/v2\/posts\/104644\/revisions"}],"predecessor-version":[{"id":104656,"href":"https:\/\/blitzconquista.com.br\/index.php?rest_route=\/wp\/v2\/posts\/104644\/revisions\/104656"}],"wp:featuredmedia":[{"embeddable":true,"href":"https:\/\/blitzconquista.com.br\/index.php?rest_route=\/wp\/v2\/media\/104646"}],"wp:attachment":[{"href":"https:\/\/blitzconquista.com.br\/index.php?rest_route=%2Fwp%2Fv2%2Fmedia&parent=104644"}],"wp:term":[{"taxonomy":"category","embeddable":true,"href":"https:\/\/blitzconquista.com.br\/index.php?rest_route=%2Fwp%2Fv2%2Fcategories&post=104644"},{"taxonomy":"post_tag","embeddable":true,"href":"https:\/\/blitzconquista.com.br\/index.php?rest_route=%2Fwp%2Fv2%2Ftags&post=104644"}],"curies":[{"name":"wp","href":"https:\/\/api.w.org\/{rel}","templated":true}]}}