{"id":105126,"date":"2021-08-12T00:41:05","date_gmt":"2021-08-12T03:41:05","guid":{"rendered":"http:\/\/blitzconquista.com.br\/?p=105126"},"modified":"2021-08-12T00:41:05","modified_gmt":"2021-08-12T03:41:05","slug":"um-mau-militar","status":"publish","type":"post","link":"https:\/\/blitzconquista.com.br\/?p=105126","title":{"rendered":"Um mau militar"},"content":{"rendered":"<div class=\"entry-content\">\n<p><img decoding=\"async\" loading=\"lazy\" class=\"wp-image-18336 alignleft\" src=\"http:\/\/www.blogdopaulonunes.com\/v4\/wp-content\/uploads\/2016\/10\/ernesto-marques.jpg\" alt=\"\" width=\"279\" height=\"337\" \/><\/p>\n<p><strong>*Por Ernesto Marques<\/strong><\/p>\n<p>N\u00e3o \u00e9 intriga da oposi\u00e7\u00e3o, n\u00e3o \u00e9 coisa dessa imprensa comunista canalha, n\u00e3o \u00e9 teoria de esquerdopata. Est\u00e1 l\u00e1 no depoimento do general Ernesto Geisel \u00e0 FGV, quando perguntado sobre o ent\u00e3o tenente Bolsonaro (s\u00f3 passou a capit\u00e3o quando e porque foi \u201csa\u00eddo\u201d do Ex\u00e9rcito: um mau militar.<br \/>\nNo jarg\u00e3o da caserna, um \u201cbunda-suja\u201d. Um oficial sem\u2026 m\u00e9ritos, digamos assim, para ascender na carreira militar, at\u00e9 o generalato. O processo que levou \u00e0 sua sa\u00edda do EB, mal comparando, foi primeira facada que o salvou politicamente.<br \/>\nNaquela altura, livrou-se, entre outras obriga\u00e7\u00f5es, do dever com a disciplina de estudos. N\u00e3o teria mais os cursos de forma\u00e7\u00e3o e aperfei\u00e7oamento condicionantes para as promo\u00e7\u00f5es, ao lado do crit\u00e9rio de tempo de servi\u00e7o.<br \/>\nLivre de provas, livre de livros. E, claro, livre da hierarquia e da disciplina. Como negar que Jair ame a liberdade?<br \/>\nMais ainda: livre para a vida com soldo de capit\u00e3o garantido pelo resto da vida! Para a larga maioria de n\u00f3s, dignos patriotas, homens e mulheres de bem, isso j\u00e1 seria suficiente para suprir as necessidades b\u00e1sicas da fam\u00edlia e sonhar em deixar a base para os filhos seguirem em frente.<br \/>\nPara Bolsonaro e seu cl\u00e3 foi o caminho da prosperidade e ele fez fortuna em 30 anos de profissional da velha pol\u00edtica. Deixar uma carreira est\u00e1vel no Ex\u00e9rcito para aventurar-se nas agruras da milit\u00e2ncia pol\u00edtica n\u00e3o representou qualquer risco para ele e nem para seus rebentos.<br \/>\nDeu exemplo dentro de casa. Apesar de s\u00f3 ter dado uma \u201cfraquejada\u201d, nenhum dos seus quatro var\u00f5es quis servir \u00e0 p\u00e1tria.<br \/>\nO primeiro zero nasceu para a pol\u00edtica com a miss\u00e3o de abortar a carreira pol\u00edtica da m\u00e3e, que tentava reelei\u00e7\u00e3o como vereadora do Rio de Janeiro, logo depois de se separar de Jair.<span id=\"more-50064\"><\/span><br \/>\nUm outro zero do presidente pelo menos \u00e9 bem sucedido nos neg\u00f3cios. Recentemente comprou mans\u00e3o de R$ 6 milh\u00f5es com os ganhos como vendedor de chocolate.<br \/>\nO outro zero \u00e9 meio bananinha, mas pelo menos fala ingl\u00eas fluentemente\u2026<br \/>\nE o zerinho, \u00faltimo espirro antes da fraquejada final, \u00e9 o orgulho do papai que usava dinheiro do aux\u00edlio-moradia da C\u00e2mara Federal \u201cpra comer gente\u201d. J\u00e1 ficou com mais da metade das meninas do condom\u00ednio. E apesar da tenra idade, j\u00e1 \u00e9 um empres\u00e1rio de sucesso, o zero-prod\u00edgio! E por isso, assim como os irm\u00e3os, n\u00e3o teve tempo para servir ao glorioso Ex\u00e9rcito Brasileiro.<br \/>\nConsiderada a raz\u00e3o que o levou a mais uma interna\u00e7\u00e3o hospitalar depois de abrir fogo contra o Senado, e contra o presidente do TSE, a obstru\u00e7\u00e3o diagnosticada por m\u00e9dicos leva a crer que o intestino est\u00e1 para Bolsonaro, assim como o cora\u00e7\u00e3o est\u00e1 para a maioria das pessoas, como sede das nossas raz\u00f5es e emo\u00e7\u00f5es.<br \/>\nNatural, portando, que ele cague (seria contagiosa, a escatologia presidencial?) para tudo que n\u00e3o couber na sua foto de fam\u00edlia. O copr\u00f3filo presidente seria insuper\u00e1vel se n\u00e3o conseguisse a proeza de apenas dar descarga para encher o vaso novamente logo em seguida. Superou-se no agora hist\u00f3rico desfile buf\u00e3o de 10 de agosto.<br \/>\nAt\u00e9 aqui j\u00e1 se sabia do desprezo do eleito no segundo turno de 2018 por democracia, elei\u00e7\u00f5es e pelas urnas eletr\u00f4nicas. Denunciado por fraude eleitoral nos velhos tempos do voto em c\u00e9dula de papel, j\u00e1 tinha alvejado centenas de vezes, cada uma das institui\u00e7\u00f5es representantes do sistema democr\u00e1tico: organiza\u00e7\u00f5es da sociedade livremente organizada, universidades e institui\u00e7\u00f5es cient\u00edficas, a imprensa, os partidos pol\u00edticos, a diplomacia brasileira, o Legislativo, o Judici\u00e1rio.<br \/>\nO que jamais se poderia supor \u00e9 que, desobstru\u00eddo, Bolsonaro apontasse o seu canh\u00e3o e disparasse o seu desmoralizador ataque justamente contra o as For\u00e7as Armadas. Os fardados, desfilados ou n\u00e3o, viram-se expostos ao rid\u00edculo diante das for\u00e7as armadas do mundo inteiro naquele desfile pat\u00e9tico. As FAA respons\u00e1veis por gigantescas reservas naturais, guardi\u00e3 de uma das maiores democracias ocidentais, foi exposta ao rid\u00edculo.<br \/>\nDiante do flatulento desfile, ganharam o mundo as imagens do comandante-em-chefe da For\u00e7as Armadas Brasileiras, que na ativa n\u00e3o passou de tenente, no parlat\u00f3rio como um \u2018duce\u201d. \u00c0 sua frente os blindados peidavam fuma\u00e7a de \u00f3leo diesel pela Esplanada dos Minist\u00e9rios e na Pra\u00e7a dos Tr\u00eas Poderes para o esc\u00e1rnio global<br \/>\nDefinitivamente, Geisel estava certo: um mau militar.<\/p>\n<p><strong>*Ernesto Marques \u00e9 jornalista e radialista<\/strong><\/p>\n<\/div>\n","protected":false},"excerpt":{"rendered":"<p>*Por Ernesto Marques N\u00e3o \u00e9 intriga da oposi\u00e7\u00e3o, n\u00e3o \u00e9 coisa dessa imprensa comunista canalha, n\u00e3o \u00e9 teoria de esquerdopata. Est\u00e1 l\u00e1 no depoimento do general Ernesto Geisel \u00e0 FGV, quando perguntado sobre o ent\u00e3o tenente Bolsonaro (s\u00f3 passou a capit\u00e3o quando e porque foi \u201csa\u00eddo\u201d do Ex\u00e9rcito: um mau militar. No jarg\u00e3o da caserna, [&hellip;]<\/p>\n","protected":false},"author":1,"featured_media":105128,"comment_status":"closed","ping_status":"closed","sticky":false,"template":"","format":"standard","meta":[],"categories":[29],"tags":[],"_links":{"self":[{"href":"https:\/\/blitzconquista.com.br\/index.php?rest_route=\/wp\/v2\/posts\/105126"}],"collection":[{"href":"https:\/\/blitzconquista.com.br\/index.php?rest_route=\/wp\/v2\/posts"}],"about":[{"href":"https:\/\/blitzconquista.com.br\/index.php?rest_route=\/wp\/v2\/types\/post"}],"author":[{"embeddable":true,"href":"https:\/\/blitzconquista.com.br\/index.php?rest_route=\/wp\/v2\/users\/1"}],"replies":[{"embeddable":true,"href":"https:\/\/blitzconquista.com.br\/index.php?rest_route=%2Fwp%2Fv2%2Fcomments&post=105126"}],"version-history":[{"count":1,"href":"https:\/\/blitzconquista.com.br\/index.php?rest_route=\/wp\/v2\/posts\/105126\/revisions"}],"predecessor-version":[{"id":105129,"href":"https:\/\/blitzconquista.com.br\/index.php?rest_route=\/wp\/v2\/posts\/105126\/revisions\/105129"}],"wp:featuredmedia":[{"embeddable":true,"href":"https:\/\/blitzconquista.com.br\/index.php?rest_route=\/wp\/v2\/media\/105128"}],"wp:attachment":[{"href":"https:\/\/blitzconquista.com.br\/index.php?rest_route=%2Fwp%2Fv2%2Fmedia&parent=105126"}],"wp:term":[{"taxonomy":"category","embeddable":true,"href":"https:\/\/blitzconquista.com.br\/index.php?rest_route=%2Fwp%2Fv2%2Fcategories&post=105126"},{"taxonomy":"post_tag","embeddable":true,"href":"https:\/\/blitzconquista.com.br\/index.php?rest_route=%2Fwp%2Fv2%2Ftags&post=105126"}],"curies":[{"name":"wp","href":"https:\/\/api.w.org\/{rel}","templated":true}]}}