{"id":105154,"date":"2021-08-13T08:40:30","date_gmt":"2021-08-13T11:40:30","guid":{"rendered":"http:\/\/blitzconquista.com.br\/?p=105154"},"modified":"2021-08-13T08:40:30","modified_gmt":"2021-08-13T11:40:30","slug":"ministro-da-justica-admite-ao-tse-que-nao-ha-prova-de-fraudes-nas-eleicoes","status":"publish","type":"post","link":"https:\/\/blitzconquista.com.br\/?p=105154","title":{"rendered":"Ministro da Justi\u00e7a admite ao TSE que n\u00e3o h\u00e1 prova de fraudes nas elei\u00e7\u00f5es"},"content":{"rendered":"<div class=\"entry-content\">\n<p>Por <a href=\"http:\/\/www.blogdopaulonunes.com\/v4\/?p=50130\"><strong>Paulo Nunes<\/strong><\/a><\/p>\n<h3 style=\"text-align: center;\"><strong>Em depoimento ao corregedor-geral eleitoral, ministro Luis Felipe Salom\u00e3o, o ministro da Justi\u00e7a, Anderson Torres, admitiu, assim como o coronel da reserva Eduardo Gomes, que tamb\u00e9m foi ouvido pelo corregedor, que n\u00e3o h\u00e1 provas de fraudes nas elei\u00e7\u00f5es<\/strong><\/h3>\n<div class=\"articleMetadata marginBottom30\"><\/div>\n<figure><picture><source srcset=\"https:\/\/publisher-publish.s3.eu-central-1.amazonaws.com\/pb-brasil247\/swp\/jtjeq9\/media\/20210812220824_938149b9-d33b-4008-a074-7e7346d1de9e.webp\" type=\"image\/webp\" media=\"(max-width: 680px)\" \/><source srcset=\"https:\/\/publisher-publish.s3.eu-central-1.amazonaws.com\/pb-brasil247\/swp\/jtjeq9\/media\/20210812220824_938149b9-d33b-4008-a074-7e7346d1de9e.png\" type=\"image\/png\" media=\"(max-width: 680px)\" \/><source srcset=\"https:\/\/publisher-publish.s3.eu-central-1.amazonaws.com\/pb-brasil247\/swp\/jtjeq9\/media\/20210812220824_4df45490-942f-4e6b-b6b1-19f97b6cf6c1.webp\" type=\"image\/webp\" media=\"(min-width: 681px)\" \/><source srcset=\"https:\/\/publisher-publish.s3.eu-central-1.amazonaws.com\/pb-brasil247\/swp\/jtjeq9\/media\/20210812220824_4df45490-942f-4e6b-b6b1-19f97b6cf6c1.png\" type=\"image\/png\" media=\"(min-width: 681px)\" \/><img decoding=\"async\" title=\" (Foto: MJSP)\" src=\"https:\/\/publisher-publish.s3.eu-central-1.amazonaws.com\/pb-brasil247\/swp\/jtjeq9\/media\/20210812220824_4df45490-942f-4e6b-b6b1-19f97b6cf6c1.png\" alt=\"\" \/><\/picture><figcaption>(Foto: MJSP)<\/figcaption><figcaption><\/figcaption><\/figure>\n<div class=\"article__text marginTop30\">\n<p>Os depoimentos ocorreram no \u00e2mbito do inqu\u00e9rito administrativo aberto pelo Tribunal Superior Eleitoral (TSE) para investigar os ataques de Jair Bolsonaro ao sistema eleitoral.<\/p>\n<p>Mais cedo, foi informado que\u00a0<a href=\"https:\/\/www.brasil247.com\/regionais\/brasilia\/stf-solicita-investigacao-de-ministro-da-justica-pelo-inquerito-das-fake-news\" target=\"_blank\" rel=\"noopener\">o ministro Alexandre de Moraes, do Supremo Tribunal Federal (STF), solicitou ao TSE a investiga\u00e7\u00e3o de Anderson Torres por campanha antecipada<\/a>, ap\u00f3s ter participado de transmiss\u00e3o ao vivo, no dia 29 de julho, ao lado de Jair Bolsonaro.<\/p>\n<p>Salom\u00e3o determinou que ser\u00e1 inserido no inqu\u00e9rito o pedido do ministro Alexandre de Moraes.<\/p>\n<p>O of\u00edcio de Moraes contra o ministro integra o\u00a0<a href=\"https:\/\/www.brasil247.com\/regionais\/brasilia\/stf-abre-investigacao-contra-bolsonaro-por-fake-news-sobre-urnas-eletronicas\" target=\"_blank\" rel=\"noopener\">inqu\u00e9rito das fake news, no qual Bolsonaro tamb\u00e9m foi inclu\u00eddo ap\u00f3s suas den\u00fancias de supostas fraudes eleitorais atrav\u00e9s das urnas eletr\u00f4nicas<\/a>. Moraes aceitou a not\u00edcia-crime feita pelo TSE contra o chefe do Executivo.<\/p>\n<p>Segundo a\u00a0<a href=\"https:\/\/www.cnnbrasil.com.br\/politica\/2021\/08\/12\/tse-recebe-pedido-de-investigacao-do-ministro-da-justica-por-campanha-antecipada\" target=\"_blank\" rel=\"noopener\">CNN<\/a>, o processo contra Torres j\u00e1 est\u00e1 em avalia\u00e7\u00e3o pelo corregedor geral do TSE, ministro Lu\u00eds Felipe Salom\u00e3o, e corre sob sigilo.<\/p>\n<h5><b>Ministro tentou envolver peritos da PF em declara\u00e7\u00f5es contra urnas eletr\u00f4nicas<\/b><\/h5>\n<p><a href=\"https:\/\/www.brasil247.com\/brasil\/ministro-da-justica-tentou-envolver-peritos-da-pf-em-declaracoes-falsas-contra-urnas-eletronicas\" target=\"_blank\" rel=\"noopener\">Anderson Torres tentou envolver peritos da Pol\u00edcia Federal na tentativa de Jair Bolsonaro de achar provas contra as urnas eletr\u00f4nicas<\/a>. Ele levou dois t\u00e9cnicos para uma reuni\u00e3o no Pal\u00e1cio do Planalto seis dias antes da transmiss\u00e3o sobre o tema.<\/p>\n<p>Os peritos se negaram a fazer ju\u00edzo de valor sem an\u00e1lise oficial da corpora\u00e7\u00e3o. Mesmo assim, Torres foi \u00e0 live e apresentou os dados t\u00e9cnicos para, como ele disse, \u201ccorroborar\u201d as ideias de Bolsonaro.<\/p>\n<p>\u201cAo final do encontro, a posi\u00e7\u00e3o dos peritos foi de que, para se ter um parecer conclusivo adequado, o material apresentado na reuni\u00e3o deveria ser remetido oficialmente \u00e0 PF para an\u00e1lise mais aprofundada\u201d, diz a PF em em nota.<\/p>\n<p><b>\u00a0<\/b>Em depoimento ao corregedor-geral eleitoral, ministro Luis Felipe Salom\u00e3o, nesta quinta-feira, 12, o ministro da Justi\u00e7a, Anderson Torres, admitiu, assim como o coronel da reserva Eduardo Gomes, que tamb\u00e9m foi ouvido pelo corregedor, que n\u00e3o h\u00e1 provas de fraudes nas elei\u00e7\u00f5es.<\/p>\n<\/div>\n<\/div>\n","protected":false},"excerpt":{"rendered":"<p>Por Paulo Nunes Em depoimento ao corregedor-geral eleitoral, ministro Luis Felipe Salom\u00e3o, o ministro da Justi\u00e7a, Anderson Torres, admitiu, assim como o coronel da reserva Eduardo Gomes, que tamb\u00e9m foi ouvido pelo corregedor, que n\u00e3o h\u00e1 provas de fraudes nas elei\u00e7\u00f5es (Foto: MJSP) Os depoimentos ocorreram no \u00e2mbito do inqu\u00e9rito administrativo aberto pelo Tribunal Superior [&hellip;]<\/p>\n","protected":false},"author":1,"featured_media":105156,"comment_status":"closed","ping_status":"closed","sticky":false,"template":"","format":"standard","meta":[],"categories":[212,5],"tags":[],"_links":{"self":[{"href":"https:\/\/blitzconquista.com.br\/index.php?rest_route=\/wp\/v2\/posts\/105154"}],"collection":[{"href":"https:\/\/blitzconquista.com.br\/index.php?rest_route=\/wp\/v2\/posts"}],"about":[{"href":"https:\/\/blitzconquista.com.br\/index.php?rest_route=\/wp\/v2\/types\/post"}],"author":[{"embeddable":true,"href":"https:\/\/blitzconquista.com.br\/index.php?rest_route=\/wp\/v2\/users\/1"}],"replies":[{"embeddable":true,"href":"https:\/\/blitzconquista.com.br\/index.php?rest_route=%2Fwp%2Fv2%2Fcomments&post=105154"}],"version-history":[{"count":1,"href":"https:\/\/blitzconquista.com.br\/index.php?rest_route=\/wp\/v2\/posts\/105154\/revisions"}],"predecessor-version":[{"id":105157,"href":"https:\/\/blitzconquista.com.br\/index.php?rest_route=\/wp\/v2\/posts\/105154\/revisions\/105157"}],"wp:featuredmedia":[{"embeddable":true,"href":"https:\/\/blitzconquista.com.br\/index.php?rest_route=\/wp\/v2\/media\/105156"}],"wp:attachment":[{"href":"https:\/\/blitzconquista.com.br\/index.php?rest_route=%2Fwp%2Fv2%2Fmedia&parent=105154"}],"wp:term":[{"taxonomy":"category","embeddable":true,"href":"https:\/\/blitzconquista.com.br\/index.php?rest_route=%2Fwp%2Fv2%2Fcategories&post=105154"},{"taxonomy":"post_tag","embeddable":true,"href":"https:\/\/blitzconquista.com.br\/index.php?rest_route=%2Fwp%2Fv2%2Ftags&post=105154"}],"curies":[{"name":"wp","href":"https:\/\/api.w.org\/{rel}","templated":true}]}}