{"id":105178,"date":"2021-08-13T11:03:10","date_gmt":"2021-08-13T14:03:10","guid":{"rendered":"http:\/\/blitzconquista.com.br\/?p=105178"},"modified":"2021-08-13T11:06:14","modified_gmt":"2021-08-13T14:06:14","slug":"ministro-da-infraestrutura-diz-que-viabahia-tera-que-fazer-os-investimentos-estabelecidos-em-contrato","status":"publish","type":"post","link":"https:\/\/blitzconquista.com.br\/?p=105178","title":{"rendered":"Ministro da Infraestrutura diz que\u00a0ViaBahia\u00a0ter\u00e1 que fazer os investimentos estabelecidos em contrato.\u00a0"},"content":{"rendered":"<h3 style=\"text-align: center;\"><span data-contrast=\"none\">N\u00e3o est\u00e1 descartada a hip\u00f3tese de interven\u00e7\u00e3o<\/span><span data-ccp-props=\"{&quot;201341983&quot;:0,&quot;335559739&quot;:160,&quot;335559740&quot;:259}\">\u00a0<\/span><\/h3>\n<figure id=\"attachment_105180\" aria-describedby=\"caption-attachment-105180\" style=\"width: 900px\" class=\"wp-caption aligncenter\"><img decoding=\"async\" loading=\"lazy\" class=\"wp-image-105180 size-full\" src=\"http:\/\/blitzconquista.com.br\/wp-content\/uploads\/2021\/08\/min-Tarcisio-bate-o-martelo-com-forca-mno-leilao-dos-aeroportos-07abr21-by-reprod.jpg\" alt=\"\" width=\"900\" height=\"514\" srcset=\"https:\/\/blitzconquista.com.br\/wp-content\/uploads\/2021\/08\/min-Tarcisio-bate-o-martelo-com-forca-mno-leilao-dos-aeroportos-07abr21-by-reprod.jpg 900w, https:\/\/blitzconquista.com.br\/wp-content\/uploads\/2021\/08\/min-Tarcisio-bate-o-martelo-com-forca-mno-leilao-dos-aeroportos-07abr21-by-reprod-300x171.jpg 300w, https:\/\/blitzconquista.com.br\/wp-content\/uploads\/2021\/08\/min-Tarcisio-bate-o-martelo-com-forca-mno-leilao-dos-aeroportos-07abr21-by-reprod-695x397.jpg 695w, https:\/\/blitzconquista.com.br\/wp-content\/uploads\/2021\/08\/min-Tarcisio-bate-o-martelo-com-forca-mno-leilao-dos-aeroportos-07abr21-by-reprod-768x439.jpg 768w\" sizes=\"(max-width: 900px) 100vw, 900px\" \/><figcaption id=\"caption-attachment-105180\" class=\"wp-caption-text\">Imagem: Di\u00e1rio do Poder<\/figcaption><\/figure>\n<p><span data-contrast=\"none\">O Ministro da Infraestrutura, Tarc\u00edsio Gomes de Freitas, gravou uma sonora para a r\u00e1dio UP FM 100.1 &#8211; Vit\u00f3ria da Conquista, que foi divulgada nesta quinta (12), esclarecendo sobre as a\u00e7\u00f5es do Minist\u00e9rio da Infraestrutura junto \u00e0 concessionaria que administra a BR 116 e BR 324, com o objetivo de fazer cumprir os acordos estabelecidos no contrato de concess\u00e3o. <\/span><span data-ccp-props=\"{&quot;201341983&quot;:0,&quot;335559739&quot;:160,&quot;335559740&quot;:259}\">\u00a0<\/span><\/p>\n<p><strong><span style=\"color: #3366ff;\"><em>&#8220;A ANTT<\/em><\/span><\/strong><span style=\"color: #000000;\"> (Ag\u00eancia Nacional de Transportes Terrestres)<\/span><strong><span style=\"color: #3366ff;\"><em>, por meio de uma decis\u00e3o do Colegiado, resolveu aplicar san\u00e7\u00f5es previstas no contrato, pelos in\u00fameros inadimplementos contratuais. N\u00f3s temos uma concess\u00e3o que deixa a desejar, que n\u00e3o est\u00e1 realizando investimentos, que n\u00e3o est\u00e1 realizando a manuten\u00e7\u00e3o e, por isso, a ANTT fez uma glosa de 14% no valor das tarifas de ped\u00e1gio. N\u00f3s n\u00e3o vamos mais tolerar o inadimplemento contratual, a n\u00e3o realiza\u00e7\u00e3o do contrato, o descaso com o usu\u00e1rio. E \u00e9 por isso que a ANTT est\u00e1 aplicando essas a\u00e7\u00f5es. Isso mostra a import\u00e2ncia de n\u00f3s fortalecermos a regula\u00e7\u00e3o, para que os contratos sejam cumpridos e o usu\u00e1rio possa ter o servi\u00e7o que est\u00e1 sendo contratado. N\u00f3s estamos convictos, &#8211; n\u00e9?, que \u00e9 necess\u00e1rio andar com o processo de caducidade. E, al\u00e9m disso, estamos estudando a possibilidade de fazer a interven\u00e7\u00e3o na via Bahia. N\u00e3o vai parar s\u00f3 no desconto tarif\u00e1rio. O que n\u00f3s queremos \u00e9 a realiza\u00e7\u00e3o dos investimentos. O usu\u00e1rio tem que ser atendido. &#8221; <\/em><\/span><\/strong>Disse o ministro.<em><br \/>\n<\/em><\/p>\n","protected":false},"excerpt":{"rendered":"<p>N\u00e3o est\u00e1 descartada a hip\u00f3tese de interven\u00e7\u00e3o\u00a0 O Ministro da Infraestrutura, Tarc\u00edsio Gomes de Freitas, gravou uma sonora para a r\u00e1dio UP FM 100.1 &#8211; Vit\u00f3ria da Conquista, que foi divulgada nesta quinta (12), esclarecendo sobre as a\u00e7\u00f5es do Minist\u00e9rio da Infraestrutura junto \u00e0 concessionaria que administra a BR 116 e BR 324, com o [&hellip;]<\/p>\n","protected":false},"author":1,"featured_media":105180,"comment_status":"closed","ping_status":"closed","sticky":false,"template":"","format":"standard","meta":[],"categories":[212,5],"tags":[],"_links":{"self":[{"href":"https:\/\/blitzconquista.com.br\/index.php?rest_route=\/wp\/v2\/posts\/105178"}],"collection":[{"href":"https:\/\/blitzconquista.com.br\/index.php?rest_route=\/wp\/v2\/posts"}],"about":[{"href":"https:\/\/blitzconquista.com.br\/index.php?rest_route=\/wp\/v2\/types\/post"}],"author":[{"embeddable":true,"href":"https:\/\/blitzconquista.com.br\/index.php?rest_route=\/wp\/v2\/users\/1"}],"replies":[{"embeddable":true,"href":"https:\/\/blitzconquista.com.br\/index.php?rest_route=%2Fwp%2Fv2%2Fcomments&post=105178"}],"version-history":[{"count":1,"href":"https:\/\/blitzconquista.com.br\/index.php?rest_route=\/wp\/v2\/posts\/105178\/revisions"}],"predecessor-version":[{"id":105181,"href":"https:\/\/blitzconquista.com.br\/index.php?rest_route=\/wp\/v2\/posts\/105178\/revisions\/105181"}],"wp:featuredmedia":[{"embeddable":true,"href":"https:\/\/blitzconquista.com.br\/index.php?rest_route=\/wp\/v2\/media\/105180"}],"wp:attachment":[{"href":"https:\/\/blitzconquista.com.br\/index.php?rest_route=%2Fwp%2Fv2%2Fmedia&parent=105178"}],"wp:term":[{"taxonomy":"category","embeddable":true,"href":"https:\/\/blitzconquista.com.br\/index.php?rest_route=%2Fwp%2Fv2%2Fcategories&post=105178"},{"taxonomy":"post_tag","embeddable":true,"href":"https:\/\/blitzconquista.com.br\/index.php?rest_route=%2Fwp%2Fv2%2Ftags&post=105178"}],"curies":[{"name":"wp","href":"https:\/\/api.w.org\/{rel}","templated":true}]}}