{"id":105316,"date":"2021-08-18T15:55:01","date_gmt":"2021-08-18T18:55:01","guid":{"rendered":"http:\/\/blitzconquista.com.br\/?p=105316"},"modified":"2021-08-18T16:08:19","modified_gmt":"2021-08-18T19:08:19","slug":"a-vacinacao-contra-a-covid-19-no-brasil-e-como-os-cenarios-federal-e-estadual-afetam-a-politica-em-vitoria-da-conquista","status":"publish","type":"post","link":"https:\/\/blitzconquista.com.br\/?p=105316","title":{"rendered":"A vacina\u00e7\u00e3o contra a Covid-19 no Brasil e como os cen\u00e1rios federal e estadual afetam a pol\u00edtica em Vit\u00f3ria da Conquista\u00a0"},"content":{"rendered":"<p><span data-contrast=\"auto\"><img decoding=\"async\" loading=\"lazy\" class=\"aligncenter size-full wp-image-105322\" src=\"http:\/\/blitzconquista.com.br\/wp-content\/uploads\/2021\/08\/Camara-Blog-do-Anderson.jpg\" alt=\"\" width=\"750\" height=\"497\" srcset=\"https:\/\/blitzconquista.com.br\/wp-content\/uploads\/2021\/08\/Camara-Blog-do-Anderson.jpg 750w, https:\/\/blitzconquista.com.br\/wp-content\/uploads\/2021\/08\/Camara-Blog-do-Anderson-300x200.jpg 300w, https:\/\/blitzconquista.com.br\/wp-content\/uploads\/2021\/08\/Camara-Blog-do-Anderson-695x461.jpg 695w, https:\/\/blitzconquista.com.br\/wp-content\/uploads\/2021\/08\/Camara-Blog-do-Anderson-130x86.jpg 130w, https:\/\/blitzconquista.com.br\/wp-content\/uploads\/2021\/08\/Camara-Blog-do-Anderson-187x124.jpg 187w\" sizes=\"(max-width: 750px) 100vw, 750px\" \/><\/span><span data-ccp-props=\"{&quot;201341983&quot;:0,&quot;335559739&quot;:160,&quot;335559740&quot;:259}\"><br \/>\n<\/span><\/p>\n<p><span data-contrast=\"none\">Segundo a BBC News \u2013 Brasil, em mat\u00e9ria publicada em 23 de fevereiro de 2021, o atraso da vacina\u00e7\u00e3o no Brasil ocorreu por causa do cometimento de tr\u00eas erros: <\/span><span data-ccp-props=\"{&quot;201341983&quot;:0,&quot;335559739&quot;:160,&quot;335559740&quot;:259}\">\u00a0<\/span><\/p>\n<p><span data-contrast=\"none\">1\u00ba &#8211; O governo brasileiro n\u00e3o comprou vacinas em 2020, enquanto outros pa\u00edses como Chile, Col\u00f4mbia, Reino Unido e integrantes da Uni\u00e3o Europeia negociaram a compra desses produtos quando estavam ainda em fase de testes;<\/span><span data-ccp-props=\"{&quot;201341983&quot;:0,&quot;335559739&quot;:160,&quot;335559740&quot;:259}\">\u00a0<\/span><\/p>\n<p><span data-contrast=\"none\">2\u00ba &#8211; A falta de defini\u00e7\u00e3o sobre quem deveria receber vacina primeiro, dentro do grupo de prioridades, poderia ter mitigado as consequ\u00eancias da escassez de vacinas;<\/span><span data-ccp-props=\"{&quot;201341983&quot;:0,&quot;335559739&quot;:160,&quot;335559740&quot;:259}\">\u00a0<\/span><\/p>\n<p><span data-contrast=\"none\">3\u00ba &#8211; Falta de treinamento e orienta\u00e7\u00e3o aos profissionais que administram a vacina.<\/span><span data-ccp-props=\"{&quot;201341983&quot;:0,&quot;335559739&quot;:160,&quot;335559740&quot;:259}\">\u00a0<\/span><\/p>\n<p><span data-contrast=\"none\">O governo federal n\u00e3o comprou vacinas em tempo h\u00e1bil, apesar de ter recebido ofertas desde o ano passado. N\u00e3o fez nenhum esfor\u00e7o para que o Cons\u00f3rcio Nordeste adquirisse vacinas russas. Tamb\u00e9m politizou a quest\u00e3o sob diversos aspectos. Em alguns momentos desdenhou da letalidade do v\u00edrus (gripezinha); apostou na \u201cimuniza\u00e7\u00e3o de rebanho\u201d; al\u00e9m de polemizar sobre a efic\u00e1cia das vacinas, principalmente as de origem de pa\u00edses como R\u00fassia e China.<\/span><span data-ccp-props=\"{&quot;201341983&quot;:0,&quot;335559739&quot;:160,&quot;335559740&quot;:259}\">\u00a0<\/span><\/p>\n<p><span data-contrast=\"none\">Aos estados da federa\u00e7\u00e3o, coube garantir a log\u00edstica de distribui\u00e7\u00e3o para os munic\u00edpios. E, sobre essa distribui\u00e7\u00e3o nos estados, se n\u00e3o houve tanta repercuss\u00e3o quanto \u00e0 efici\u00eancia, \u00e9 porque o servi\u00e7o n\u00e3o se apresentou t\u00e3o ruim ou foi bom mesmo.<\/span><span data-ccp-props=\"{&quot;201341983&quot;:0,&quot;335559739&quot;:160,&quot;335559740&quot;:259}\">\u00a0<\/span><\/p>\n<p><span data-contrast=\"auto\">Na Bahia, o governo do Estado reclama atualmente da falta de equidade do governo federal na distribui\u00e7\u00e3o das vacinas, conforme a propor\u00e7\u00e3o do n\u00famero de habitantes. Segundo o governador, h\u00e1 um d\u00e9ficit de 900 mil doses.<\/span><span data-ccp-props=\"{&quot;201341983&quot;:0,&quot;335559739&quot;:160,&quot;335559740&quot;:259}\">\u00a0<\/span><\/p>\n<p><span data-contrast=\"auto\">Aqui no\u00a0\u201cSert\u00e3o da Ressaca\u201d, na Joia do Sert\u00e3o Baiano, em plena manh\u00e3 desta quarta (18), um vereador do Legislativo Municipal, vai \u00e0 tribuna para tecer elogios ao presidente da Rep\u00fablica, porque, segundo ele, o titular do governo federal teria sido o respons\u00e1vel pela aquisi\u00e7\u00e3o de todas as vacinas compradas para os brasileiros. Segundo ele, o governador da Bahia n\u00e3o comprou nada.<\/span><span data-ccp-props=\"{&quot;201341983&quot;:0,&quot;335551550&quot;:1,&quot;335551620&quot;:1,&quot;335559739&quot;:160,&quot;335559740&quot;:259}\">\u00a0<\/span><\/p>\n<p><span data-contrast=\"auto\">Sobre isso o vereador tem certa raz\u00e3o. O governo federal comprou as vacinas, mas o fez com atraso, fazendo &#8220;corpo mole&#8221;. Logo, os resultados do seu trabalho devem ser aceitos. Inclusive as mortes que poderiam ser evitadas, se tivessem agido com esmero. Tamb\u00e9m deixou \u00e0 revelia da burocracia as tentativas de compra de vacinas pelo Cons\u00f3rcio Nordeste, de maneira tal que a empresa russa teria desistido de vender a sua vacina para o Brasil.<\/span><span data-ccp-props=\"{&quot;201341983&quot;:0,&quot;335559739&quot;:160,&quot;335559740&quot;:259}\">\u00a0<\/span><\/p>\n<p><span data-contrast=\"auto\">Mas, na mesma sess\u00e3o desta quarta, uma vereadora da oposi\u00e7\u00e3o ao governo municipal questionou a Secretaria Municipal de Sa\u00fade de Vit\u00f3ria da Conquista sobre o motivo que justifica o atraso na vacina\u00e7\u00e3o na cidade; pois, segundo a vereadora, diversos outros munic\u00edpios encontram-se bem \u00e0 frente, j\u00e1 vacinando os indiv\u00edduos na faixa de 20 anos.<\/span><span data-ccp-props=\"{&quot;201341983&quot;:0,&quot;335559739&quot;:160,&quot;335559740&quot;:259}\">\u00a0<\/span><\/p>\n<p><span data-contrast=\"auto\">O p\u00fablico j\u00e1 deve ter percebido que a campanha do ano vindouro j\u00e1 come\u00e7ou na cidade. Isso \u00e9 percept\u00edvel nos discursos dos vereadores locais. Cr\u00edticas para uns, elogios para outros; n\u00e3o importando o v\u00ednculo pol\u00edtico, quase tudo o que se fala tem\u00a0vincula\u00e7\u00e3o \u00e0 \u201ccampanha\u201d para algum grupo ou pr\u00e9-candidato\u00a0nas pr\u00f3ximas elei\u00e7\u00f5es. Quando n\u00e3o s\u00e3o as pr\u00f3prias candidaturas, fala-se com o objetivo de alavancar outras, em sua maioria de candidatos forasteiros.<\/span><span data-ccp-props=\"{&quot;201341983&quot;:0,&quot;335551550&quot;:1,&quot;335551620&quot;:1,&quot;335559739&quot;:160,&quot;335559740&quot;:259}\">\u00a0<\/span><\/p>\n<p>Diante desse entendimento, cabe o coment\u00e1rio: olhar para o movimento incessante das nuvens (pol\u00edtica) \u00e9 natural, desde que o olhar\u00a0 n\u00e3o seja para procurar nuvens que tragam o melhor para si, somente, deixando o interesse da popula\u00e7\u00e3o \u00e0 margem.<\/p>\n","protected":false},"excerpt":{"rendered":"<p>Segundo a BBC News \u2013 Brasil, em mat\u00e9ria publicada em 23 de fevereiro de 2021, o atraso da vacina\u00e7\u00e3o no Brasil ocorreu por causa do cometimento de tr\u00eas erros: \u00a0 1\u00ba &#8211; O governo brasileiro n\u00e3o comprou vacinas em 2020, enquanto outros pa\u00edses como Chile, Col\u00f4mbia, Reino Unido e integrantes da Uni\u00e3o Europeia negociaram a [&hellip;]<\/p>\n","protected":false},"author":1,"featured_media":105322,"comment_status":"closed","ping_status":"closed","sticky":false,"template":"","format":"standard","meta":[],"categories":[29,5],"tags":[],"_links":{"self":[{"href":"https:\/\/blitzconquista.com.br\/index.php?rest_route=\/wp\/v2\/posts\/105316"}],"collection":[{"href":"https:\/\/blitzconquista.com.br\/index.php?rest_route=\/wp\/v2\/posts"}],"about":[{"href":"https:\/\/blitzconquista.com.br\/index.php?rest_route=\/wp\/v2\/types\/post"}],"author":[{"embeddable":true,"href":"https:\/\/blitzconquista.com.br\/index.php?rest_route=\/wp\/v2\/users\/1"}],"replies":[{"embeddable":true,"href":"https:\/\/blitzconquista.com.br\/index.php?rest_route=%2Fwp%2Fv2%2Fcomments&post=105316"}],"version-history":[{"count":3,"href":"https:\/\/blitzconquista.com.br\/index.php?rest_route=\/wp\/v2\/posts\/105316\/revisions"}],"predecessor-version":[{"id":105323,"href":"https:\/\/blitzconquista.com.br\/index.php?rest_route=\/wp\/v2\/posts\/105316\/revisions\/105323"}],"wp:featuredmedia":[{"embeddable":true,"href":"https:\/\/blitzconquista.com.br\/index.php?rest_route=\/wp\/v2\/media\/105322"}],"wp:attachment":[{"href":"https:\/\/blitzconquista.com.br\/index.php?rest_route=%2Fwp%2Fv2%2Fmedia&parent=105316"}],"wp:term":[{"taxonomy":"category","embeddable":true,"href":"https:\/\/blitzconquista.com.br\/index.php?rest_route=%2Fwp%2Fv2%2Fcategories&post=105316"},{"taxonomy":"post_tag","embeddable":true,"href":"https:\/\/blitzconquista.com.br\/index.php?rest_route=%2Fwp%2Fv2%2Ftags&post=105316"}],"curies":[{"name":"wp","href":"https:\/\/api.w.org\/{rel}","templated":true}]}}