{"id":105391,"date":"2021-08-21T12:09:18","date_gmt":"2021-08-21T15:09:18","guid":{"rendered":"http:\/\/blitzconquista.com.br\/?p=105391"},"modified":"2021-08-21T12:09:56","modified_gmt":"2021-08-21T15:09:56","slug":"stf-repudia-impeachment-de-moraes-e-diz-que-contestacao-deve-se-dar-no-processo-legal","status":"publish","type":"post","link":"https:\/\/blitzconquista.com.br\/?p=105391","title":{"rendered":"STF repudia impeachment de Moraes e diz que contesta\u00e7\u00e3o deve se dar no processo legal"},"content":{"rendered":"<div class=\"entry-content\">\n<p>Por <a href=\"http:\/\/www.blogdopaulonunes.com\/v4\/\">Paulo Nunes<\/a><\/p>\n<p><strong>Segundo o STF, \u201co Estado Democr\u00e1tico de Direito n\u00e3o tolera que um magistrado seja acusado por suas decis\u00f5es, uma vez que devem ser questionados nas vias recursais pr\u00f3prias, obedecido o devido processo legal\u201d<\/strong><\/p>\n<div class=\"articleMetadata marginBottom30\"><\/div>\n<figure><picture><source srcset=\"https:\/\/publisher-publish.s3.eu-central-1.amazonaws.com\/pb-brasil247\/swp\/jtjeq9\/media\/20210819080856_0eed1009ed597194fff39244afba13184deba83622b268a156eb9d32cde3fd39.webp\" type=\"image\/webp\" media=\"(max-width: 680px)\" \/><source srcset=\"https:\/\/publisher-publish.s3.eu-central-1.amazonaws.com\/pb-brasil247\/swp\/jtjeq9\/media\/20210819080856_0eed1009ed597194fff39244afba13184deba83622b268a156eb9d32cde3fd39.jpg\" type=\"image\/jpeg\" media=\"(max-width: 680px)\" \/><source srcset=\"https:\/\/publisher-publish.s3.eu-central-1.amazonaws.com\/pb-brasil247\/swp\/jtjeq9\/media\/20210819080856_139b0d5aebfd319a1e8ff93505ab7178d749528085aece5f718f80124307540f.webp\" type=\"image\/webp\" media=\"(min-width: 681px)\" \/><source srcset=\"https:\/\/publisher-publish.s3.eu-central-1.amazonaws.com\/pb-brasil247\/swp\/jtjeq9\/media\/20210819080856_139b0d5aebfd319a1e8ff93505ab7178d749528085aece5f718f80124307540f.jpg\" type=\"image\/jpeg\" media=\"(min-width: 681px)\" \/><img decoding=\"async\" title=\" (Foto: Isac N\u00f3brega\/PR | Nelson Jr.\/SCO\/STF)\" src=\"https:\/\/publisher-publish.s3.eu-central-1.amazonaws.com\/pb-brasil247\/swp\/jtjeq9\/media\/20210819080856_139b0d5aebfd319a1e8ff93505ab7178d749528085aece5f718f80124307540f.jpg\" alt=\"\" \/><\/picture><figcaption>(Foto: Isac N\u00f3brega\/PR | Nelson Jr.\/SCO\/STF)<\/figcaption><\/figure>\n<div class=\"article__text marginTop30\">\n<p><b>247 \u2013\u00a0<\/b>O Supremo Tribunal Federal (STF) repudiou o ato de Jair Bolsonaro, que, nesta sexta-feira, 20,\u00a0<a href=\"https:\/\/www.brasil247.com\/poder\/planalto-protocola-pedido-de-impeachment-de-alexandre-de-moraes-no-senado\" target=\"_blank\" rel=\"noopener\">pediu o impeachment do ministro Alexandre de Moraes, <\/a>.<\/p>\n<p>Segundo a corte, \u201co Estado Democr\u00e1tico de Direito n\u00e3o tolera que um magistrado seja acusado por suas decis\u00f5es, uma vez que devem ser questionados nas vias recursais pr\u00f3prias, obedecido o devido processo legal\u201d.<\/p>\n<p>\u201cO STF, ao mesmo tempo em que manifesta total confian\u00e7a na independ\u00eancia e imparcialidade do ministro Alexandre de Moraes, aguardar\u00e1 de forma republicana a delibera\u00e7\u00e3o do Senado Federal\u201d, destaca o Supremo.<\/p>\n<div class=\"contentAd contentAd--noBackground marginBottom30\"><\/div>\n<div class=\"embed-block\">\n<div class=\"twitter-tweet twitter-tweet-rendered\"><iframe loading=\"lazy\" id=\"twitter-widget-0\" class=\"\" title=\"Twitter Tweet\" src=\"https:\/\/platform.twitter.com\/embed-holdback-prod\/Tweet.html?creatorScreenName=brasil247&amp;dnt=false&amp;embedId=twitter-widget-0&amp;features=eyJ0ZndfZXhwZXJpbWVudHNfY29va2llX2V4cGlyYXRpb24iOnsiYnVja2V0IjoxMjA5NjAwLCJ2ZXJzaW9uIjpudWxsfSwidGZ3X2hvcml6b25fdHdlZXRfZW1iZWRfOTU1NSI6eyJidWNrZXQiOiJodGUiLCJ2ZXJzaW9uIjpudWxsfSwidGZ3X3NwYWNlX2NhcmQiOnsiYnVja2V0Ijoib2ZmIiwidmVyc2lvbiI6bnVsbH0sInRmd190ZWFtX2hvbGRiYWNrXzExOTI5Ijp7ImJ1Y2tldCI6ImhvbGRiYWNrX3Byb2QiLCJ2ZXJzaW9uIjo3fX0%3D&amp;frame=false&amp;hideCard=false&amp;hideThread=false&amp;id=1428854096614891528&amp;lang=pt&amp;origin=https%3A%2F%2Fwww.brasil247.com%2Fregionais%2Fbrasilia%2Fstf-repudia-pedido-de-impeachment-contra-moraes-estado-democratico-de-direito-nao-tolera&amp;sessionId=fe84d37e89f6ee251538629f45a7e629ebd85f69&amp;siteScreenName=brasil247&amp;theme=light&amp;widgetsVersion=1890d59c%3A1627936082797&amp;width=550px\" width=\"300\" height=\"150\" frameborder=\"0\" scrolling=\"no\" allowfullscreen=\"allowfullscreen\" data-tweet-id=\"1428854096614891528\" data-mce-fragment=\"1\"><\/iframe><\/div>\n<\/div>\n<p>Ao pedir o impeachment de Moraes, Bolsonaro diz,\u00a0<a href=\"https:\/\/www.brasil247.com\/brasil\/leia-o-pedido-de-impeachment-de-alexandre-de-moraes-feito-por-bolsonaro-ao-senado\" target=\"_blank\" rel=\"noopener\">em documento<\/a>, que \u201cn\u00e3o se pode tolerar medidas e decis\u00f5es excepcionais de um ministro do Supremo Tribunal Federal que, a pretexto de proteger o direito, vem ruindo com os pilares do Estado Democr\u00e1tico de Direito\u201d.<\/p>\n<p>\u201cEle prometeu a essa Casa e ao povo brasileiro proteger as liberdades individuais, mas vem, na pr\u00e1tica, censurando jornalistas e cometendo abusos contra o presidente da Rep\u00fablica e contra cidad\u00e3os que v\u00eam tendo seus bens apreendidos e suas liberdades de express\u00e3o e de pensamento tolhidas\u201d, disse.<\/p>\n<p><a href=\"https:\/\/www.brasil247.com\/brasil\/estao-esticando-a-corda-diz-ex-ministro-marco-aurelio-sobre-impeachment-de-moraes\" target=\"_blank\" rel=\"noopener\">O ministro aposentado Marco Aur\u00e9lio Mello, do Supremo Tribunal Federal (STF), classificou como \u201cp\u00e9ssima\u201d a apresenta\u00e7\u00e3o do pedido de impeachment<\/a>.<\/p>\n<p>\u201cEst\u00e3o esticando muito a corda, e isso \u00e9 muito ruim. Isso n\u00e3o \u00e9 bom em termos de bem estar para a sociedade. \u00c9 p\u00e9ssimo em termos de fortalecimento das institui\u00e7\u00f5es, o momento, principalmente considerada a crise de sa\u00fade, \u00e9 de temperan\u00e7a, de compreens\u00e3o, de todos estarem unidos visando o melhor para o povo\u201d, afirmou.<\/p>\n<p><b>Leia a \u00edntegra do documento protocolado por Bolsonaro:<\/b><\/p>\n<div class=\"embed-block\"><iframe loading=\"lazy\" src=\"https:\/\/www.yumpu.com\/en\/embed\/view\/bjnByE8SgkPLx45u\" width=\"512px\" height=\"384px\" frameborder=\"0\" allowfullscreen=\"allowfullscreen\" data-mce-fragment=\"1\"><\/iframe><\/div>\n<p>&nbsp;<\/p>\n<\/div>\n<\/div>\n","protected":false},"excerpt":{"rendered":"<p>Por Paulo Nunes Segundo o STF, \u201co Estado Democr\u00e1tico de Direito n\u00e3o tolera que um magistrado seja acusado por suas decis\u00f5es, uma vez que devem ser questionados nas vias recursais pr\u00f3prias, obedecido o devido processo legal\u201d (Foto: Isac N\u00f3brega\/PR | Nelson Jr.\/SCO\/STF) 247 \u2013\u00a0O Supremo Tribunal Federal (STF) repudiou o ato de Jair Bolsonaro, que, [&hellip;]<\/p>\n","protected":false},"author":1,"featured_media":93790,"comment_status":"closed","ping_status":"closed","sticky":false,"template":"","format":"standard","meta":[],"categories":[212,5],"tags":[],"_links":{"self":[{"href":"https:\/\/blitzconquista.com.br\/index.php?rest_route=\/wp\/v2\/posts\/105391"}],"collection":[{"href":"https:\/\/blitzconquista.com.br\/index.php?rest_route=\/wp\/v2\/posts"}],"about":[{"href":"https:\/\/blitzconquista.com.br\/index.php?rest_route=\/wp\/v2\/types\/post"}],"author":[{"embeddable":true,"href":"https:\/\/blitzconquista.com.br\/index.php?rest_route=\/wp\/v2\/users\/1"}],"replies":[{"embeddable":true,"href":"https:\/\/blitzconquista.com.br\/index.php?rest_route=%2Fwp%2Fv2%2Fcomments&post=105391"}],"version-history":[{"count":1,"href":"https:\/\/blitzconquista.com.br\/index.php?rest_route=\/wp\/v2\/posts\/105391\/revisions"}],"predecessor-version":[{"id":105394,"href":"https:\/\/blitzconquista.com.br\/index.php?rest_route=\/wp\/v2\/posts\/105391\/revisions\/105394"}],"wp:featuredmedia":[{"embeddable":true,"href":"https:\/\/blitzconquista.com.br\/index.php?rest_route=\/wp\/v2\/media\/93790"}],"wp:attachment":[{"href":"https:\/\/blitzconquista.com.br\/index.php?rest_route=%2Fwp%2Fv2%2Fmedia&parent=105391"}],"wp:term":[{"taxonomy":"category","embeddable":true,"href":"https:\/\/blitzconquista.com.br\/index.php?rest_route=%2Fwp%2Fv2%2Fcategories&post=105391"},{"taxonomy":"post_tag","embeddable":true,"href":"https:\/\/blitzconquista.com.br\/index.php?rest_route=%2Fwp%2Fv2%2Ftags&post=105391"}],"curies":[{"name":"wp","href":"https:\/\/api.w.org\/{rel}","templated":true}]}}