{"id":105520,"date":"2021-08-24T11:26:59","date_gmt":"2021-08-24T14:26:59","guid":{"rendered":"http:\/\/blitzconquista.com.br\/?p=105520"},"modified":"2021-08-24T11:32:27","modified_gmt":"2021-08-24T14:32:27","slug":"gota-de-agua-no-oceano","status":"publish","type":"post","link":"https:\/\/blitzconquista.com.br\/?p=105520","title":{"rendered":"TRANSPORTE P\u00daBLICO: Gota de \u00e1gua no oceano\u00a0"},"content":{"rendered":"<h3 style=\"text-align: center;\"><span data-contrast=\"none\">Prefeitura anuncia mais 60 novas viagens por dia, distribu\u00eddas entre 39 linhas.<\/span><span data-ccp-props=\"{&quot;201341983&quot;:0,&quot;335559739&quot;:160,&quot;335559740&quot;:259}\">\u00a0<\/span><\/h3>\n<figure id=\"attachment_94251\" aria-describedby=\"caption-attachment-94251\" style=\"width: 687px\" class=\"wp-caption aligncenter\"><img decoding=\"async\" loading=\"lazy\" class=\"size-full wp-image-94251\" src=\"http:\/\/blitzconquista.com.br\/wp-content\/uploads\/2020\/10\/onibus-rosa-vitoria-da-conquista-687x515-1.jpg\" alt=\"\" width=\"687\" height=\"515\" srcset=\"https:\/\/blitzconquista.com.br\/wp-content\/uploads\/2020\/10\/onibus-rosa-vitoria-da-conquista-687x515-1.jpg 687w, https:\/\/blitzconquista.com.br\/wp-content\/uploads\/2020\/10\/onibus-rosa-vitoria-da-conquista-687x515-1-300x225.jpg 300w, https:\/\/blitzconquista.com.br\/wp-content\/uploads\/2020\/10\/onibus-rosa-vitoria-da-conquista-687x515-1-74x55.jpg 74w, https:\/\/blitzconquista.com.br\/wp-content\/uploads\/2020\/10\/onibus-rosa-vitoria-da-conquista-687x515-1-111x83.jpg 111w, https:\/\/blitzconquista.com.br\/wp-content\/uploads\/2020\/10\/onibus-rosa-vitoria-da-conquista-687x515-1-215x161.jpg 215w\" sizes=\"(max-width: 687px) 100vw, 687px\" \/><figcaption id=\"caption-attachment-94251\" class=\"wp-caption-text\">Imagem: Blog do Reda\u00e7\u00e3o<\/figcaption><\/figure>\n<p><span data-contrast=\"none\">Usando uma calculadora, ao dividir 60 por 39, encontramos aproximadamente 1,6 viagem por linha. Isso, diante do estado atual do transporte p\u00fablico, \u00e9 muito pouco. E, mesmo que a quantidade di\u00e1ria de viagens, por linha, dobrassem, ainda assim, o problema do transporte p\u00fablico n\u00e3o seria resolvido.<\/span><span data-ccp-props=\"{&quot;201341983&quot;:0,&quot;335559739&quot;:160,&quot;335559740&quot;:259}\">\u00a0<\/span><\/p>\n<p><span data-contrast=\"none\">O cidad\u00e3o do munic\u00edpio de Vit\u00f3ria da Conquista est\u00e1 pagando duas vezes para utilizar o transporte p\u00fablico. Quando um usu\u00e1rio entra em um dos ve\u00edculos das duas empresas contratadas pela prefeitura e passa pela catraca, paga o valor de R$ 3,80. Mas, acontece que os \u00f4nibus que rodam nas linhas t\u00eam um custo milion\u00e1rio para os cofres da PMVC. Em um dos contratos, pelo per\u00edodo de seis meses, o poder p\u00fablico desembolsou mais de 15 milh\u00f5es. Este valor, dividido por seis meses, \u00e9 igual 2,5 milh\u00f5es. Seguindo com os c\u00e1lculos, e considerando que a cidade possui 340 mil habitantes, chega-se \u00e0 quantia de mais de 7 reais por mun\u00edcipe, pelo per\u00edodo.<\/span><span data-ccp-props=\"{&quot;201341983&quot;:0,&quot;335559739&quot;:160,&quot;335559740&quot;:259}\">\u00a0<\/span><\/p>\n<p><span data-contrast=\"none\">Al\u00e9m de tudo isso, representantes das duas \u00faltimas gest\u00f5es vem argumentando que o antigo SIT \u2013 Sistema Integrado de Transporte \u00e9 deficit\u00e1rio. Diante disso, como n\u00e3o concluir que o cidad\u00e3o paga duas vezes pelo mesmo servi\u00e7o?<\/span><span data-ccp-props=\"{&quot;201341983&quot;:0,&quot;335559739&quot;:160,&quot;335559740&quot;:259}\">\u00a0<\/span><\/p>\n<p><b><span data-contrast=\"none\">O servi\u00e7o prestado<\/span><\/b><span data-ccp-props=\"{&quot;201341983&quot;:0,&quot;335559739&quot;:160,&quot;335559740&quot;:259}\">\u00a0<\/span><\/p>\n<p><span data-contrast=\"none\">Os ve\u00edculos oferecidos aos cidad\u00e3os conquistenses s\u00e3o, via de regra, \u00f4nibus usados e que constantemente apresentam problemas mec\u00e2nicos graves como soltura de pneus, eixos quebrados, com elevadores para cadeirantes quebrados etc.<\/span><span data-ccp-props=\"{&quot;201341983&quot;:0,&quot;335559739&quot;:160,&quot;335559740&quot;:259}\">\u00a0<\/span><\/p>\n<p><img decoding=\"async\" loading=\"lazy\" class=\"aligncenter size-full wp-image-90048\" src=\"http:\/\/blitzconquista.com.br\/wp-content\/uploads\/2020\/02\/onibus-emergencia-quebrado.jpg\" alt=\"\" width=\"1040\" height=\"520\" srcset=\"https:\/\/blitzconquista.com.br\/wp-content\/uploads\/2020\/02\/onibus-emergencia-quebrado.jpg 1040w, https:\/\/blitzconquista.com.br\/wp-content\/uploads\/2020\/02\/onibus-emergencia-quebrado-300x150.jpg 300w, https:\/\/blitzconquista.com.br\/wp-content\/uploads\/2020\/02\/onibus-emergencia-quebrado-695x348.jpg 695w, https:\/\/blitzconquista.com.br\/wp-content\/uploads\/2020\/02\/onibus-emergencia-quebrado-768x384.jpg 768w, https:\/\/blitzconquista.com.br\/wp-content\/uploads\/2020\/02\/onibus-emergencia-quebrado-990x495.jpg 990w\" sizes=\"(max-width: 1040px) 100vw, 1040px\" \/><\/p>\n<p><b><span data-contrast=\"none\">O que provocou tudo isso<\/span><\/b><span data-ccp-props=\"{&quot;201341983&quot;:0,&quot;335559739&quot;:160,&quot;335559740&quot;:259}\">\u00a0<\/span><\/p>\n<p><span data-contrast=\"none\">S\u00e3o muitos os motivos que levaram o transporte p\u00fablico a chegar na\u00a0atual situa\u00e7\u00e3o. Desde supostas irregularidades causadas pelas empresas anteriores \u00e0\u00a0gest\u00e3o do MDB. Uma dessas empresas deixou de prestar o servi\u00e7o depois de um longa disputa judicial, inclusive. Mas, ao que tudo indica, essa a\u00e7\u00e3o judicial veio a calhar, para os interesses de quem estava no comando do governo, vez que demonstrava interesse em livrar-se de quaisquer coisas feitas nas gest\u00f5es do PT que trouxesse aos eleitores lembran\u00e7a de seu legado.<\/span><span data-ccp-props=\"{&quot;201341983&quot;:0,&quot;335551550&quot;:1,&quot;335551620&quot;:1,&quot;335559739&quot;:160,&quot;335559740&quot;:259}\">\u00a0<\/span><\/p>\n<p><span data-contrast=\"none\">Isso custou muito caro a Vit\u00f3ria da Conquista. Temos um sistema ca\u00f3tico, pois sobre a prometida reestrutura\u00e7\u00e3o que seria implementada, a partir do estudo que estaria sendo feito na gest\u00e3o anterior, quase nada se fala.<\/span><span data-ccp-props=\"{&quot;201341983&quot;:0,&quot;335551550&quot;:1,&quot;335551620&quot;:1,&quot;335559739&quot;:160,&quot;335559740&quot;:259}\">\u00a0<\/span><\/p>\n<p><span data-contrast=\"none\">Nesse meio tempo, outros problemas foram\u00a0criados, quando se\u00a0estimulou a (des)organiza\u00e7\u00e3o do transporte com as vans. A manobra eleitoreira de prometer a regulamenta\u00e7\u00e3o do servi\u00e7o, deixando de considerar que tal atitude provocaria a quebra do sistema como fora criado, desencadeou uma s\u00e9rie de problemas,\u00a0cujas consequ\u00eancias ainda poder\u00e3o ser sentidas por um bom tempo.<\/span><span data-ccp-props=\"{&quot;201341983&quot;:0,&quot;335551550&quot;:1,&quot;335551620&quot;:1,&quot;335559739&quot;:160,&quot;335559740&quot;:259}\">\u00a0<\/span><\/p>\n<p><span data-ccp-props=\"{&quot;201341983&quot;:0,&quot;335551550&quot;:1,&quot;335551620&quot;:1,&quot;335559739&quot;:160,&quot;335559740&quot;:259}\">\u00a0<\/span><b><span data-contrast=\"none\">O que esperar\u00a0da\u00a0atual gest\u00e3o<\/span><\/b><span data-ccp-props=\"{&quot;201341983&quot;:0,&quot;335559739&quot;:160,&quot;335559740&quot;:259}\">\u00a0<\/span><\/p>\n<p><span data-contrast=\"none\">Entre as \u00faltimas\u00a0decis\u00f5es da prefeita Ana Sheila Lemos (DEM), a escolha do ex-diretor da Cidade Verde, S\u00e9rgio Hubner, foi uma decis\u00e3o inteligente e, ao mesmo tempo, perspicaz. Pois S\u00e9rgio, sem sobra de d\u00favidas, conhece bem os meandros do setor, al\u00e9m de ter demonstrado sua capacidade de interlocu\u00e7\u00e3o.<\/span><span data-ccp-props=\"{&quot;201341983&quot;:0,&quot;335559739&quot;:160,&quot;335559740&quot;:259}\">\u00a0<\/span><\/p>\n<p><span data-contrast=\"none\">Entretanto, a gest\u00e3o municipal falha quando deixa de comunicar \u00e0 popula\u00e7\u00e3o sobre como andam as a\u00e7\u00f5es relativas ao transporte p\u00fablico.<\/span><span data-ccp-props=\"{&quot;201341983&quot;:0,&quot;335559739&quot;:160,&quot;335559740&quot;:259}\">\u00a0<\/span><\/p>\n<p><span data-contrast=\"none\">Tamb\u00e9m se\u00a0questiona a participa\u00e7\u00e3o do Conselho Municipal de Transportes diante dos problemas enfrentados no setor. N\u00e3o se percebe a sua manifesta\u00e7\u00e3o referente \u00e0s demandas pr\u00f3prias do setor atualmente. Na p\u00e1gina da PMVC na internet, a \u00faltima not\u00edcia encontrada pela reportagem do Blitz Conquista tem data de 26 de outubro de 2018.\u00a0<\/span><\/p>\n<p><img decoding=\"async\" loading=\"lazy\" class=\"aligncenter size-full wp-image-105522\" src=\"http:\/\/blitzconquista.com.br\/wp-content\/uploads\/2021\/08\/Ultima-Reuniao-do-CMT.jpg\" alt=\"\" width=\"1367\" height=\"703\" srcset=\"https:\/\/blitzconquista.com.br\/wp-content\/uploads\/2021\/08\/Ultima-Reuniao-do-CMT.jpg 1367w, https:\/\/blitzconquista.com.br\/wp-content\/uploads\/2021\/08\/Ultima-Reuniao-do-CMT-300x154.jpg 300w, https:\/\/blitzconquista.com.br\/wp-content\/uploads\/2021\/08\/Ultima-Reuniao-do-CMT-695x357.jpg 695w, https:\/\/blitzconquista.com.br\/wp-content\/uploads\/2021\/08\/Ultima-Reuniao-do-CMT-768x395.jpg 768w, https:\/\/blitzconquista.com.br\/wp-content\/uploads\/2021\/08\/Ultima-Reuniao-do-CMT-990x509.jpg 990w, https:\/\/blitzconquista.com.br\/wp-content\/uploads\/2021\/08\/Ultima-Reuniao-do-CMT-1320x679.jpg 1320w\" sizes=\"(max-width: 1367px) 100vw, 1367px\" \/><\/p>\n<p>&nbsp;<\/p>\n<p>&nbsp;<\/p>\n<p><span data-ccp-props=\"{&quot;201341983&quot;:0,&quot;335559739&quot;:160,&quot;335559740&quot;:259}\">\u00a0<\/span><\/p>\n","protected":false},"excerpt":{"rendered":"<p>Prefeitura anuncia mais 60 novas viagens por dia, distribu\u00eddas entre 39 linhas.\u00a0 Usando uma calculadora, ao dividir 60 por 39, encontramos aproximadamente 1,6 viagem por linha. Isso, diante do estado atual do transporte p\u00fablico, \u00e9 muito pouco. E, mesmo que a quantidade di\u00e1ria de viagens, por linha, dobrassem, ainda assim, o problema do transporte p\u00fablico [&hellip;]<\/p>\n","protected":false},"author":1,"featured_media":105111,"comment_status":"closed","ping_status":"closed","sticky":false,"template":"","format":"standard","meta":[],"categories":[212,29],"tags":[],"_links":{"self":[{"href":"https:\/\/blitzconquista.com.br\/index.php?rest_route=\/wp\/v2\/posts\/105520"}],"collection":[{"href":"https:\/\/blitzconquista.com.br\/index.php?rest_route=\/wp\/v2\/posts"}],"about":[{"href":"https:\/\/blitzconquista.com.br\/index.php?rest_route=\/wp\/v2\/types\/post"}],"author":[{"embeddable":true,"href":"https:\/\/blitzconquista.com.br\/index.php?rest_route=\/wp\/v2\/users\/1"}],"replies":[{"embeddable":true,"href":"https:\/\/blitzconquista.com.br\/index.php?rest_route=%2Fwp%2Fv2%2Fcomments&post=105520"}],"version-history":[{"count":3,"href":"https:\/\/blitzconquista.com.br\/index.php?rest_route=\/wp\/v2\/posts\/105520\/revisions"}],"predecessor-version":[{"id":105525,"href":"https:\/\/blitzconquista.com.br\/index.php?rest_route=\/wp\/v2\/posts\/105520\/revisions\/105525"}],"wp:featuredmedia":[{"embeddable":true,"href":"https:\/\/blitzconquista.com.br\/index.php?rest_route=\/wp\/v2\/media\/105111"}],"wp:attachment":[{"href":"https:\/\/blitzconquista.com.br\/index.php?rest_route=%2Fwp%2Fv2%2Fmedia&parent=105520"}],"wp:term":[{"taxonomy":"category","embeddable":true,"href":"https:\/\/blitzconquista.com.br\/index.php?rest_route=%2Fwp%2Fv2%2Fcategories&post=105520"},{"taxonomy":"post_tag","embeddable":true,"href":"https:\/\/blitzconquista.com.br\/index.php?rest_route=%2Fwp%2Fv2%2Ftags&post=105520"}],"curies":[{"name":"wp","href":"https:\/\/api.w.org\/{rel}","templated":true}]}}