{"id":108693,"date":"2021-11-11T11:34:30","date_gmt":"2021-11-11T14:34:30","guid":{"rendered":"http:\/\/blitzconquista.com.br\/?p=108693"},"modified":"2021-11-11T11:34:30","modified_gmt":"2021-11-11T14:34:30","slug":"a-cegueira-para-cobrar-a-taxa-de-lixo","status":"publish","type":"post","link":"https:\/\/blitzconquista.com.br\/?p=108693","title":{"rendered":"A &#8220;cegueira&#8221; para cobrar a taxa de lixo"},"content":{"rendered":"<h3 style=\"text-align: center;\">O povo escuta que tem que pagar, mas quais efetivamente v\u00e3o ser os servi\u00e7os prestados em troca dos valores cobrados com a taxa de lixo?<\/h3>\n<p>&nbsp;<\/p>\n<figure id=\"attachment_108697\" aria-describedby=\"caption-attachment-108697\" style=\"width: 899px\" class=\"wp-caption aligncenter\"><img decoding=\"async\" loading=\"lazy\" class=\"wp-image-108697 size-full\" src=\"http:\/\/blitzconquista.com.br\/wp-content\/uploads\/2021\/11\/Regime-de-Urgencia.jpg\" alt=\"\" width=\"899\" height=\"1599\" srcset=\"https:\/\/blitzconquista.com.br\/wp-content\/uploads\/2021\/11\/Regime-de-Urgencia.jpg 899w, https:\/\/blitzconquista.com.br\/wp-content\/uploads\/2021\/11\/Regime-de-Urgencia-169x300.jpg 169w, https:\/\/blitzconquista.com.br\/wp-content\/uploads\/2021\/11\/Regime-de-Urgencia-367x653.jpg 367w, https:\/\/blitzconquista.com.br\/wp-content\/uploads\/2021\/11\/Regime-de-Urgencia-768x1366.jpg 768w, https:\/\/blitzconquista.com.br\/wp-content\/uploads\/2021\/11\/Regime-de-Urgencia-864x1536.jpg 864w\" sizes=\"(max-width: 899px) 100vw, 899px\" \/><figcaption id=\"caption-attachment-108697\" class=\"wp-caption-text\">Imagem: Card que circula nas redes sociais<\/figcaption><\/figure>\n<p><span data-contrast=\"auto\">Nesta quarta-feira (10), o presidente da C\u00e2mara de Vereadores de Vit\u00f3ria da Conquista,\u00a0Luis\u00a0Carlos\u00a0Dud\u00e9, colocou o projeto de cria\u00e7\u00e3o da taxa de lixo no munic\u00edpio em\u00a0regime de urg\u00eancia. Isso significa que a sua vota\u00e7\u00e3o passa a ter prioridade na pauta das\u00a0sess\u00f5es. Em mi\u00fados, significa que deve ser votada logo. Dessa forma, a discuss\u00e3o com a sociedade civil organizada, ou seja, com o povo n\u00e3o ocorrer\u00e1 de maneira adequada.<\/span><span data-ccp-props=\"{&quot;201341983&quot;:1,&quot;335559739&quot;:160,&quot;335559740&quot;:270}\">\u00a0<\/span><\/p>\n<p><span data-contrast=\"auto\">\u00c9 lament\u00e1vel dizer isso, mas trata-se de uma manobra para facilitar sua aprova\u00e7\u00e3o, pois o tema \u00e9 pol\u00eamico. Apesar de ser uma pauta inevit\u00e1vel, porque tanto empenho em dar celeridade ao projeto, uma vez que, de qualquer forma, o custo do servi\u00e7o ser\u00e1 pago com o dinheiro do povo. Pois quaisquer valores que passam pelas contas da prefeitura \u00e9 dinheiro da coletividade.<\/span><span data-ccp-props=\"{&quot;201341983&quot;:1,&quot;335559739&quot;:160,&quot;335559740&quot;:270}\">\u00a0<\/span><\/p>\n<p><span data-contrast=\"auto\">A aprova\u00e7\u00e3o quase certa, poder\u00e1 ocorrer na pr\u00f3xima semana, na pr\u00f3xima sexta-feira (19). E ocorrer\u00e1 \u201csem praticamente nenhum debate sobre manejo dos res\u00edduos s\u00f3lidos, reciclagem, etc. Basicamente institui um novo imposto \u00e0s pressas\u201d, afirmou certo assessor de um parlamentar.<\/span><span data-ccp-props=\"{&quot;201341983&quot;:1,&quot;335559739&quot;:160,&quot;335559740&quot;:270}\">\u00a0<\/span><\/p>\n<p><span data-contrast=\"auto\">A reportagem do Blitz Conquista obteve a informa\u00e7\u00e3o de que est\u00e1 sendo\u00a0proposta uma emenda de isen\u00e7\u00e3o da cobran\u00e7a para quem possui at\u00e9 um determinado limite de renda familiar.<\/span><span data-ccp-props=\"{&quot;201341983&quot;:1,&quot;335559739&quot;:160,&quot;335559740&quot;:270}\">\u00a0<\/span><\/p>\n<p><span data-contrast=\"auto\">Em um momento como\u00a0esse, \u201co povo n\u00e3o tem nem emprego e vem mais um imposto para ser votado (e provavelmente aprovado), \u00e0s pressas, sem sequer fazer a necess\u00e1ria discuss\u00e3o do verdadeiro objetivo do PL, que \u00e9 o manejo dos res\u00edduos s\u00f3lidos\u201d, completou o\u00a0assessor.<\/span><span data-ccp-props=\"{&quot;201341983&quot;:1,&quot;335559739&quot;:160,&quot;335559740&quot;:270}\">\u00a0<\/span><\/p>\n<p><span data-contrast=\"auto\">\u00c9 mais que \u00f3bvio que o a prefeita tem a maioria na C\u00e2mara para fazer passar seus projetos, mas cabe ressaltar que fazer tudo \u00e0s pressas, como temos visto desde o in\u00edcio da gest\u00e3o anterior, \u00e9 muito arriscado, porque muitos erros acontecem. E isso a cidade tem experimentado bastante nos \u00faltimos anos.<\/span><span data-ccp-props=\"{&quot;201341983&quot;:1,&quot;335559739&quot;:160,&quot;335559740&quot;:270}\">\u00a0<\/span><\/p>\n<p><span data-contrast=\"auto\">A iniciativa e disposi\u00e7\u00e3o de trabalho da prefeita, juntamente com o seu parceiro pol\u00edtico\u00a0Dud\u00e9, s\u00e3o admir\u00e1veis. Inclusive, porque o perfil de Sheila no trato com as pessoas, correligion\u00e1rios ou n\u00e3o, demonstra ser bem mais leve e fluente. Mas, na democracia, quando as decis\u00f5es s\u00e3o votadas sem ouvir as bases, a sociedade civil, \u00e9 porque pode estar ocorrendo uma situa\u00e7\u00e3o de flerte com o autoritarismo. E isso n\u00e3o combina com o povo desta terra, n\u00e3o importando se os atores est\u00e3o \u00e0 direita, \u00e0 esquerda ou s\u00e3o do tipo que s\u00f3 procuram sombra.<\/span><span data-ccp-props=\"{&quot;201341983&quot;:1,&quot;335559739&quot;:160,&quot;335559740&quot;:270}\">\u00a0<\/span><\/p>\n","protected":false},"excerpt":{"rendered":"<p>O povo escuta que tem que pagar, mas quais efetivamente v\u00e3o ser os servi\u00e7os prestados em troca dos valores cobrados com a taxa de lixo? &nbsp; Nesta quarta-feira (10), o presidente da C\u00e2mara de Vereadores de Vit\u00f3ria da Conquista,\u00a0Luis\u00a0Carlos\u00a0Dud\u00e9, colocou o projeto de cria\u00e7\u00e3o da taxa de lixo no munic\u00edpio em\u00a0regime de urg\u00eancia. Isso significa [&hellip;]<\/p>\n","protected":false},"author":1,"featured_media":108697,"comment_status":"closed","ping_status":"closed","sticky":false,"template":"","format":"standard","meta":[],"categories":[212,29],"tags":[],"_links":{"self":[{"href":"https:\/\/blitzconquista.com.br\/index.php?rest_route=\/wp\/v2\/posts\/108693"}],"collection":[{"href":"https:\/\/blitzconquista.com.br\/index.php?rest_route=\/wp\/v2\/posts"}],"about":[{"href":"https:\/\/blitzconquista.com.br\/index.php?rest_route=\/wp\/v2\/types\/post"}],"author":[{"embeddable":true,"href":"https:\/\/blitzconquista.com.br\/index.php?rest_route=\/wp\/v2\/users\/1"}],"replies":[{"embeddable":true,"href":"https:\/\/blitzconquista.com.br\/index.php?rest_route=%2Fwp%2Fv2%2Fcomments&post=108693"}],"version-history":[{"count":1,"href":"https:\/\/blitzconquista.com.br\/index.php?rest_route=\/wp\/v2\/posts\/108693\/revisions"}],"predecessor-version":[{"id":108698,"href":"https:\/\/blitzconquista.com.br\/index.php?rest_route=\/wp\/v2\/posts\/108693\/revisions\/108698"}],"wp:featuredmedia":[{"embeddable":true,"href":"https:\/\/blitzconquista.com.br\/index.php?rest_route=\/wp\/v2\/media\/108697"}],"wp:attachment":[{"href":"https:\/\/blitzconquista.com.br\/index.php?rest_route=%2Fwp%2Fv2%2Fmedia&parent=108693"}],"wp:term":[{"taxonomy":"category","embeddable":true,"href":"https:\/\/blitzconquista.com.br\/index.php?rest_route=%2Fwp%2Fv2%2Fcategories&post=108693"},{"taxonomy":"post_tag","embeddable":true,"href":"https:\/\/blitzconquista.com.br\/index.php?rest_route=%2Fwp%2Fv2%2Ftags&post=108693"}],"curies":[{"name":"wp","href":"https:\/\/api.w.org\/{rel}","templated":true}]}}