{"id":108904,"date":"2021-11-16T23:33:18","date_gmt":"2021-11-17T02:33:18","guid":{"rendered":"http:\/\/blitzconquista.com.br\/?p=108904"},"modified":"2021-11-16T23:33:18","modified_gmt":"2021-11-17T02:33:18","slug":"rui-inaugura-sinal-digital-da-tve-e-autoriza-ampliacao-do-colegio-estadual-em-palmas-de-monte-alto","status":"publish","type":"post","link":"https:\/\/blitzconquista.com.br\/?p=108904","title":{"rendered":"Rui inaugura sinal digital da TVE e autoriza amplia\u00e7\u00e3o do Col\u00e9gio Estadual em Palmas de Monte Alto"},"content":{"rendered":"<p>&nbsp;<\/p>\n<p><img decoding=\"async\" loading=\"lazy\" class=\"aligncenter  wp-image-108909\" src=\"http:\/\/blitzconquista.com.br\/wp-content\/uploads\/2021\/11\/Governo_logo.png\" alt=\"\" width=\"442\" height=\"154\" \/><\/p>\n<p>Nesta quarta-feira (17), \u00e0s 9h, o governador Rui Costa estar\u00e1 no munic\u00edpio de Palmas de Monte Alto, no sudoeste do estado, onde vai inaugurar Esta\u00e7\u00e3o Retransmissora Digital da TVE Digital e TV Educa Bahia em Palmas do Monte Alto. Rui tamb\u00e9m vai autorizar a Secretaria de Educa\u00e7\u00e3o do estado (SEC) a realizar licita\u00e7\u00e3o para amplia\u00e7\u00e3o e moderniza\u00e7\u00e3o do Col\u00e9gio Estadual An\u00edsio Teixeira, com a constru\u00e7\u00e3o de bloco de cinco salas, refeit\u00f3rio, audit\u00f3rio, reforma e cobertura de quadra.<\/p>\n<p>Durante a viagem, o governador vai ainda autorizar a Conder, empresa vinculada \u00e0 Secretaria de Desenvolvimento Urbano do Estado (Sedur), a firmar conv\u00eanio com o munic\u00edpio de Palmas de Monte Alto para pavimenta\u00e7\u00e3o de vias p\u00fablicas nos bairros Planalto, Mota e Oliveira. Tamb\u00e9m ser\u00e1 anunciada a licita\u00e7\u00e3o, j\u00e1 em andamento, para constru\u00e7\u00e3o de uma arena na sede do munic\u00edpio. A obra ser\u00e1 coordenada pela Superintend\u00eancia dos Desportos do Estado da Bahia (Sudesb), ligada \u00e0 secretaria estadual de Trabalho, Emprego, Renda e Esporte (Setre).<\/p>\n<p>&nbsp;<\/p>\n<p>Fonte: Ascom &#8211; GOV\/BA<\/p>\n","protected":false},"excerpt":{"rendered":"<p>&nbsp; Nesta quarta-feira (17), \u00e0s 9h, o governador Rui Costa estar\u00e1 no munic\u00edpio de Palmas de Monte Alto, no sudoeste do estado, onde vai inaugurar Esta\u00e7\u00e3o Retransmissora Digital da TVE Digital e TV Educa Bahia em Palmas do Monte Alto. Rui tamb\u00e9m vai autorizar a Secretaria de Educa\u00e7\u00e3o do estado (SEC) a realizar licita\u00e7\u00e3o para [&hellip;]<\/p>\n","protected":false},"author":1,"featured_media":94628,"comment_status":"closed","ping_status":"closed","sticky":false,"template":"","format":"standard","meta":[],"categories":[212,28],"tags":[],"_links":{"self":[{"href":"https:\/\/blitzconquista.com.br\/index.php?rest_route=\/wp\/v2\/posts\/108904"}],"collection":[{"href":"https:\/\/blitzconquista.com.br\/index.php?rest_route=\/wp\/v2\/posts"}],"about":[{"href":"https:\/\/blitzconquista.com.br\/index.php?rest_route=\/wp\/v2\/types\/post"}],"author":[{"embeddable":true,"href":"https:\/\/blitzconquista.com.br\/index.php?rest_route=\/wp\/v2\/users\/1"}],"replies":[{"embeddable":true,"href":"https:\/\/blitzconquista.com.br\/index.php?rest_route=%2Fwp%2Fv2%2Fcomments&post=108904"}],"version-history":[{"count":2,"href":"https:\/\/blitzconquista.com.br\/index.php?rest_route=\/wp\/v2\/posts\/108904\/revisions"}],"predecessor-version":[{"id":108910,"href":"https:\/\/blitzconquista.com.br\/index.php?rest_route=\/wp\/v2\/posts\/108904\/revisions\/108910"}],"wp:featuredmedia":[{"embeddable":true,"href":"https:\/\/blitzconquista.com.br\/index.php?rest_route=\/wp\/v2\/media\/94628"}],"wp:attachment":[{"href":"https:\/\/blitzconquista.com.br\/index.php?rest_route=%2Fwp%2Fv2%2Fmedia&parent=108904"}],"wp:term":[{"taxonomy":"category","embeddable":true,"href":"https:\/\/blitzconquista.com.br\/index.php?rest_route=%2Fwp%2Fv2%2Fcategories&post=108904"},{"taxonomy":"post_tag","embeddable":true,"href":"https:\/\/blitzconquista.com.br\/index.php?rest_route=%2Fwp%2Fv2%2Ftags&post=108904"}],"curies":[{"name":"wp","href":"https:\/\/api.w.org\/{rel}","templated":true}]}}