{"id":108924,"date":"2021-11-17T10:30:44","date_gmt":"2021-11-17T13:30:44","guid":{"rendered":"http:\/\/blitzconquista.com.br\/?p=108924"},"modified":"2021-11-17T10:30:44","modified_gmt":"2021-11-17T13:30:44","slug":"homem-passa-mal-e-morre-na-feira-do-alto-maron","status":"publish","type":"post","link":"https:\/\/blitzconquista.com.br\/?p=108924","title":{"rendered":"Homem passa mal e morre na feira do Alto Maron"},"content":{"rendered":"<div class=\"entry-content\">\n<p><img decoding=\"async\" loading=\"lazy\" class=\"aligncenter wp-image-106209 size-full\" src=\"http:\/\/www.blogdoleosantos.com.br\/wp-content\/uploads\/2021\/11\/DSC_0376-2.jpg\" alt=\"\" width=\"600\" height=\"401\" \/><\/p>\n<p><span data-contrast=\"auto\">No final da manh\u00e3 desta ter\u00e7a-feira (16), um homem conhecido como \u201cJuquinha\u201d foi v\u00edtima de um mal s\u00fabito, quando se encontrava na feira livre do Bairro Alto\u00a0Maron, regi\u00e3o leste de Vit\u00f3ria da Conquista.<\/span><span data-ccp-props=\"{&quot;201341983&quot;:0,&quot;335559739&quot;:160,&quot;335559740&quot;:259}\">\u00a0<\/span><\/p>\n<p><span data-contrast=\"auto\">O Servi\u00e7o M\u00f3vel de Urg\u00eancia &#8211; SAMU foi acionado e, chegando ao local, iniciou os procedimentos para estabilizar os sinais vitais, mas o\u00a0homem n\u00e3o resistiu.\u00a0<\/span><span data-ccp-props=\"{&quot;201341983&quot;:0,&quot;335559739&quot;:160,&quot;335559740&quot;:259}\">\u00a0<\/span><\/p>\n<p aria-level=\"1\">Constatado o \u00f3bito por causas naturais pela equipe m\u00e9dica, o corpo n\u00e3o necessitou ser recolhido pelo IML. (L\u00e9o Santos)<\/p>\n<\/div>\n","protected":false},"excerpt":{"rendered":"<p>No final da manh\u00e3 desta ter\u00e7a-feira (16), um homem conhecido como \u201cJuquinha\u201d foi v\u00edtima de um mal s\u00fabito, quando se encontrava na feira livre do Bairro Alto\u00a0Maron, regi\u00e3o leste de Vit\u00f3ria da Conquista.\u00a0 O Servi\u00e7o M\u00f3vel de Urg\u00eancia &#8211; SAMU foi acionado e, chegando ao local, iniciou os procedimentos para estabilizar os sinais vitais, mas [&hellip;]<\/p>\n","protected":false},"author":1,"featured_media":108927,"comment_status":"closed","ping_status":"closed","sticky":false,"template":"","format":"standard","meta":[],"categories":[4],"tags":[],"_links":{"self":[{"href":"https:\/\/blitzconquista.com.br\/index.php?rest_route=\/wp\/v2\/posts\/108924"}],"collection":[{"href":"https:\/\/blitzconquista.com.br\/index.php?rest_route=\/wp\/v2\/posts"}],"about":[{"href":"https:\/\/blitzconquista.com.br\/index.php?rest_route=\/wp\/v2\/types\/post"}],"author":[{"embeddable":true,"href":"https:\/\/blitzconquista.com.br\/index.php?rest_route=\/wp\/v2\/users\/1"}],"replies":[{"embeddable":true,"href":"https:\/\/blitzconquista.com.br\/index.php?rest_route=%2Fwp%2Fv2%2Fcomments&post=108924"}],"version-history":[{"count":1,"href":"https:\/\/blitzconquista.com.br\/index.php?rest_route=\/wp\/v2\/posts\/108924\/revisions"}],"predecessor-version":[{"id":108928,"href":"https:\/\/blitzconquista.com.br\/index.php?rest_route=\/wp\/v2\/posts\/108924\/revisions\/108928"}],"wp:featuredmedia":[{"embeddable":true,"href":"https:\/\/blitzconquista.com.br\/index.php?rest_route=\/wp\/v2\/media\/108927"}],"wp:attachment":[{"href":"https:\/\/blitzconquista.com.br\/index.php?rest_route=%2Fwp%2Fv2%2Fmedia&parent=108924"}],"wp:term":[{"taxonomy":"category","embeddable":true,"href":"https:\/\/blitzconquista.com.br\/index.php?rest_route=%2Fwp%2Fv2%2Fcategories&post=108924"},{"taxonomy":"post_tag","embeddable":true,"href":"https:\/\/blitzconquista.com.br\/index.php?rest_route=%2Fwp%2Fv2%2Ftags&post=108924"}],"curies":[{"name":"wp","href":"https:\/\/api.w.org\/{rel}","templated":true}]}}