{"id":108938,"date":"2021-11-18T08:48:27","date_gmt":"2021-11-18T11:48:27","guid":{"rendered":"http:\/\/blitzconquista.com.br\/?p=108938"},"modified":"2021-11-18T08:48:27","modified_gmt":"2021-11-18T11:48:27","slug":"sesab-reforca-uso-das-mascaras-de-protecao-as-medidas-de-prevencao-precisam-ser-continuadas","status":"publish","type":"post","link":"https:\/\/blitzconquista.com.br\/?p=108938","title":{"rendered":"Sesab refor\u00e7a uso das m\u00e1scaras de prote\u00e7\u00e3o: \u2018As medidas de preven\u00e7\u00e3o precisam ser continuadas\u2019"},"content":{"rendered":"<figure id=\"attachment_108941\" aria-describedby=\"caption-attachment-108941\" style=\"width: 352px\" class=\"wp-caption aligncenter\"><img decoding=\"async\" loading=\"lazy\" class=\"wp-image-108941\" src=\"http:\/\/blitzconquista.com.br\/wp-content\/uploads\/2021\/11\/Tereza-paim.jpg\" alt=\"\" width=\"352\" height=\"234\" srcset=\"https:\/\/blitzconquista.com.br\/wp-content\/uploads\/2021\/11\/Tereza-paim.jpg 275w, https:\/\/blitzconquista.com.br\/wp-content\/uploads\/2021\/11\/Tereza-paim-130x86.jpg 130w, https:\/\/blitzconquista.com.br\/wp-content\/uploads\/2021\/11\/Tereza-paim-187x124.jpg 187w\" sizes=\"(max-width: 352px) 100vw, 352px\" \/><figcaption id=\"caption-attachment-108941\" class=\"wp-caption-text\">Imagem: saude.ba.gov.br<\/figcaption><\/figure>\n<p>A secret\u00e1ria da Sa\u00fade do Estado, Tereza Paim, comentou em rela\u00e7\u00e3o a medida de algumas cidades baianas que desobrigaram o uso de m\u00e1scaras de prote\u00e7\u00e3o em ambientes abertos e tiveram que voltar atr\u00e1s nesta decis\u00e3o. Ela destaca que ainda n\u00e3o est\u00e1 na hora de retirar as m\u00e1scaras, j\u00e1 que ainda estamos convivendo com o v\u00edrus, que \u201cainda estamos na zona de alerta\u201d. \u00c9 necess\u00e1rio continuar adotando as medidas de preven\u00e7\u00e3o.<\/p>\n<p><strong>Ou\u00e7a o \u00e1udio:<\/strong><\/p>\n<!--[if lt IE 9]><script>document.createElement('audio');<\/script><![endif]-->\n<audio class=\"wp-audio-shortcode\" id=\"audio-108938-1\" preload=\"none\" style=\"width: 100%;\" controls=\"controls\"><source type=\"audio\/mpeg\" src=\"http:\/\/blitzconquista.com.br\/wp-content\/uploads\/2021\/11\/TEREZA-PAIM_RETIRADA-MASCARAS_171121.mp3?_=1\" \/><a href=\"http:\/\/blitzconquista.com.br\/wp-content\/uploads\/2021\/11\/TEREZA-PAIM_RETIRADA-MASCARAS_171121.mp3\">http:\/\/blitzconquista.com.br\/wp-content\/uploads\/2021\/11\/TEREZA-PAIM_RETIRADA-MASCARAS_171121.mp3<\/a><\/audio>\n","protected":false},"excerpt":{"rendered":"<p>A secret\u00e1ria da Sa\u00fade do Estado, Tereza Paim, comentou em rela\u00e7\u00e3o a medida de algumas cidades baianas que desobrigaram o uso de m\u00e1scaras de prote\u00e7\u00e3o em ambientes abertos e tiveram que voltar atr\u00e1s nesta decis\u00e3o. Ela destaca que ainda n\u00e3o est\u00e1 na hora de retirar as m\u00e1scaras, j\u00e1 que ainda estamos convivendo com o v\u00edrus, [&hellip;]<\/p>\n","protected":false},"author":1,"featured_media":99461,"comment_status":"closed","ping_status":"closed","sticky":false,"template":"","format":"standard","meta":[],"categories":[212,30],"tags":[],"_links":{"self":[{"href":"https:\/\/blitzconquista.com.br\/index.php?rest_route=\/wp\/v2\/posts\/108938"}],"collection":[{"href":"https:\/\/blitzconquista.com.br\/index.php?rest_route=\/wp\/v2\/posts"}],"about":[{"href":"https:\/\/blitzconquista.com.br\/index.php?rest_route=\/wp\/v2\/types\/post"}],"author":[{"embeddable":true,"href":"https:\/\/blitzconquista.com.br\/index.php?rest_route=\/wp\/v2\/users\/1"}],"replies":[{"embeddable":true,"href":"https:\/\/blitzconquista.com.br\/index.php?rest_route=%2Fwp%2Fv2%2Fcomments&post=108938"}],"version-history":[{"count":1,"href":"https:\/\/blitzconquista.com.br\/index.php?rest_route=\/wp\/v2\/posts\/108938\/revisions"}],"predecessor-version":[{"id":108942,"href":"https:\/\/blitzconquista.com.br\/index.php?rest_route=\/wp\/v2\/posts\/108938\/revisions\/108942"}],"wp:featuredmedia":[{"embeddable":true,"href":"https:\/\/blitzconquista.com.br\/index.php?rest_route=\/wp\/v2\/media\/99461"}],"wp:attachment":[{"href":"https:\/\/blitzconquista.com.br\/index.php?rest_route=%2Fwp%2Fv2%2Fmedia&parent=108938"}],"wp:term":[{"taxonomy":"category","embeddable":true,"href":"https:\/\/blitzconquista.com.br\/index.php?rest_route=%2Fwp%2Fv2%2Fcategories&post=108938"},{"taxonomy":"post_tag","embeddable":true,"href":"https:\/\/blitzconquista.com.br\/index.php?rest_route=%2Fwp%2Fv2%2Ftags&post=108938"}],"curies":[{"name":"wp","href":"https:\/\/api.w.org\/{rel}","templated":true}]}}