{"id":115930,"date":"2022-05-16T12:17:59","date_gmt":"2022-05-16T15:17:59","guid":{"rendered":"http:\/\/blitzconquista.com.br\/?p=115930"},"modified":"2022-05-16T10:26:49","modified_gmt":"2022-05-16T13:26:49","slug":"stf-espicha-licenca-paternidade","status":"publish","type":"post","link":"https:\/\/blitzconquista.com.br\/?p=115930","title":{"rendered":"STF espicha licen\u00e7a paternidade"},"content":{"rendered":"<figure id=\"attachment_115932\" aria-describedby=\"caption-attachment-115932\" style=\"width: 377px\" class=\"wp-caption aligncenter\"><img decoding=\"async\" loading=\"lazy\" class=\"wp-image-115932 size-full\" src=\"http:\/\/blitzconquista.com.br\/wp-content\/uploads\/2022\/05\/BRmaisnews-Licenca-Paternidade.jpg\" alt=\"\" width=\"377\" height=\"307\" srcset=\"https:\/\/blitzconquista.com.br\/wp-content\/uploads\/2022\/05\/BRmaisnews-Licenca-Paternidade.jpg 377w, https:\/\/blitzconquista.com.br\/wp-content\/uploads\/2022\/05\/BRmaisnews-Licenca-Paternidade-300x244.jpg 300w\" sizes=\"(max-width: 377px) 100vw, 377px\" \/><figcaption id=\"caption-attachment-115932\" class=\"wp-caption-text\">Imagem &#8211; Divulga\u00e7\u00e3o<\/figcaption><\/figure>\n<p><span class=\"TextRun SCXW197315552 BCX8\" lang=\"PT-BR\" xml:lang=\"PT-BR\" data-contrast=\"auto\"><span class=\"NormalTextRun SCXW197315552 BCX8\">Servidores p\u00fablicos que sejam pais sozinhos, sem a presen\u00e7a da m\u00e3e, t\u00eam direito a licen\u00e7a paternidade de 180 dias. Foi o que decidiu, por unanimidade, o Supremo Tribunal Federal. E isto pode se estender aos demais pais solos. \u00c9 que outros casos analisados em diferentes inst\u00e2ncias do judici\u00e1rio usaram a decis\u00e3o do <\/span><span class=\"NormalTextRun SpellingErrorV2Themed SCXW197315552 BCX8\">STF<\/span><span class=\"NormalTextRun SCXW197315552 BCX8\"> como base. Por lei, as mulheres t\u00eam direito de at\u00e9 180 dias de licen\u00e7a ap\u00f3s o parto e os pais t\u00eam direito a apenas cinco dias \u00fateis.<\/span><\/span><span class=\"EOP SCXW197315552 BCX8\" data-ccp-props=\"{&quot;335559740&quot;:360}\">\u00a0<\/span><\/p>\n","protected":false},"excerpt":{"rendered":"<p>Servidores p\u00fablicos que sejam pais sozinhos, sem a presen\u00e7a da m\u00e3e, t\u00eam direito a licen\u00e7a paternidade de 180 dias. Foi o que decidiu, por unanimidade, o Supremo Tribunal Federal. E isto pode se estender aos demais pais solos. \u00c9 que outros casos analisados em diferentes inst\u00e2ncias do judici\u00e1rio usaram a decis\u00e3o do STF como base. [&hellip;]<\/p>\n","protected":false},"author":1,"featured_media":115932,"comment_status":"closed","ping_status":"closed","sticky":false,"template":"","format":"standard","meta":[],"categories":[478],"tags":[],"_links":{"self":[{"href":"https:\/\/blitzconquista.com.br\/index.php?rest_route=\/wp\/v2\/posts\/115930"}],"collection":[{"href":"https:\/\/blitzconquista.com.br\/index.php?rest_route=\/wp\/v2\/posts"}],"about":[{"href":"https:\/\/blitzconquista.com.br\/index.php?rest_route=\/wp\/v2\/types\/post"}],"author":[{"embeddable":true,"href":"https:\/\/blitzconquista.com.br\/index.php?rest_route=\/wp\/v2\/users\/1"}],"replies":[{"embeddable":true,"href":"https:\/\/blitzconquista.com.br\/index.php?rest_route=%2Fwp%2Fv2%2Fcomments&post=115930"}],"version-history":[{"count":1,"href":"https:\/\/blitzconquista.com.br\/index.php?rest_route=\/wp\/v2\/posts\/115930\/revisions"}],"predecessor-version":[{"id":115933,"href":"https:\/\/blitzconquista.com.br\/index.php?rest_route=\/wp\/v2\/posts\/115930\/revisions\/115933"}],"wp:featuredmedia":[{"embeddable":true,"href":"https:\/\/blitzconquista.com.br\/index.php?rest_route=\/wp\/v2\/media\/115932"}],"wp:attachment":[{"href":"https:\/\/blitzconquista.com.br\/index.php?rest_route=%2Fwp%2Fv2%2Fmedia&parent=115930"}],"wp:term":[{"taxonomy":"category","embeddable":true,"href":"https:\/\/blitzconquista.com.br\/index.php?rest_route=%2Fwp%2Fv2%2Fcategories&post=115930"},{"taxonomy":"post_tag","embeddable":true,"href":"https:\/\/blitzconquista.com.br\/index.php?rest_route=%2Fwp%2Fv2%2Ftags&post=115930"}],"curies":[{"name":"wp","href":"https:\/\/api.w.org\/{rel}","templated":true}]}}