{"id":115947,"date":"2022-05-16T11:48:05","date_gmt":"2022-05-16T14:48:05","guid":{"rendered":"http:\/\/blitzconquista.com.br\/?p=115947"},"modified":"2022-05-16T11:48:05","modified_gmt":"2022-05-16T14:48:05","slug":"indicadores-preco-do-boi-gordo-sofre-alta-nesta-segunda-feira-16","status":"publish","type":"post","link":"https:\/\/blitzconquista.com.br\/?p=115947","title":{"rendered":"INDICADORES: pre\u00e7o do boi gordo sofre alta nesta segunda-feira (16)"},"content":{"rendered":"<h3 class=\"notices-list__blog-card__summary\" style=\"text-align: center;\">No mercado financeiro, o pre\u00e7o da carca\u00e7a su\u00edna especial teve queda de 1,83% e o produto \u00e9 negociado a R$ 9,64.<\/h3>\n<figure id=\"attachment_115949\" aria-describedby=\"caption-attachment-115949\" style=\"width: 500px\" class=\"wp-caption aligncenter\"><img decoding=\"async\" loading=\"lazy\" class=\"wp-image-115949 size-full\" src=\"http:\/\/blitzconquista.com.br\/wp-content\/uploads\/2022\/05\/Boi-Gordo-Boi-gordo.-Foto-Gabriel-Rezende-FariaEmbrapa.jpg\" alt=\"\" width=\"500\" height=\"320\" srcset=\"https:\/\/blitzconquista.com.br\/wp-content\/uploads\/2022\/05\/Boi-Gordo-Boi-gordo.-Foto-Gabriel-Rezende-FariaEmbrapa.jpg 500w, https:\/\/blitzconquista.com.br\/wp-content\/uploads\/2022\/05\/Boi-Gordo-Boi-gordo.-Foto-Gabriel-Rezende-FariaEmbrapa-300x192.jpg 300w\" sizes=\"(max-width: 500px) 100vw, 500px\" \/><figcaption id=\"caption-attachment-115949\" class=\"wp-caption-text\">Boi gordo. Foto: Gabriel Rezende Faria\/Embrapa<\/figcaption><\/figure>\n<div id=\"js-text-clipboard\" class=\"notice-content__show js-notice-expand js-permit-copy fix-height\">\n<p>A cota\u00e7\u00e3o da arroba do boi gordo come\u00e7ou a segunda-feira (16) com alta de 0,63% e o produto \u00e9 negociado a R$ 327,45 em S\u00e3o Paulo.<\/p>\n<p>O pre\u00e7o do quilo do frango congelado n\u00e3o sofreu varia\u00e7\u00e3o e o produto ainda \u00e9 vendido a R$ 7,64. O pre\u00e7o do quilo do frango resfriado tamb\u00e9m continuou o mesmo e a mercadoria ainda \u00e9 comercializada a R$ 7,64.<\/p>\n<p>No mercado financeiro, o pre\u00e7o da carca\u00e7a su\u00edna especial teve queda de 1,83% e o produto \u00e9 negociado a R$ 9,64. Em Minas Gerais, o su\u00edno vivo \u00e9 vendido a R$ 6,68. No Paran\u00e1, o produto \u00e9 comercializado \u00e0 vista a R$ 5,62.<\/p>\n<p>Os valores s\u00e3o do Cepea.\n<\/p><\/div>\n","protected":false},"excerpt":{"rendered":"<p>No mercado financeiro, o pre\u00e7o da carca\u00e7a su\u00edna especial teve queda de 1,83% e o produto \u00e9 negociado a R$ 9,64. A cota\u00e7\u00e3o da arroba do boi gordo come\u00e7ou a segunda-feira (16) com alta de 0,63% e o produto \u00e9 negociado a R$ 327,45 em S\u00e3o Paulo. O pre\u00e7o do quilo do frango congelado n\u00e3o [&hellip;]<\/p>\n","protected":false},"author":1,"featured_media":115949,"comment_status":"closed","ping_status":"closed","sticky":false,"template":"","format":"standard","meta":[],"categories":[478],"tags":[],"_links":{"self":[{"href":"https:\/\/blitzconquista.com.br\/index.php?rest_route=\/wp\/v2\/posts\/115947"}],"collection":[{"href":"https:\/\/blitzconquista.com.br\/index.php?rest_route=\/wp\/v2\/posts"}],"about":[{"href":"https:\/\/blitzconquista.com.br\/index.php?rest_route=\/wp\/v2\/types\/post"}],"author":[{"embeddable":true,"href":"https:\/\/blitzconquista.com.br\/index.php?rest_route=\/wp\/v2\/users\/1"}],"replies":[{"embeddable":true,"href":"https:\/\/blitzconquista.com.br\/index.php?rest_route=%2Fwp%2Fv2%2Fcomments&post=115947"}],"version-history":[{"count":1,"href":"https:\/\/blitzconquista.com.br\/index.php?rest_route=\/wp\/v2\/posts\/115947\/revisions"}],"predecessor-version":[{"id":115950,"href":"https:\/\/blitzconquista.com.br\/index.php?rest_route=\/wp\/v2\/posts\/115947\/revisions\/115950"}],"wp:featuredmedia":[{"embeddable":true,"href":"https:\/\/blitzconquista.com.br\/index.php?rest_route=\/wp\/v2\/media\/115949"}],"wp:attachment":[{"href":"https:\/\/blitzconquista.com.br\/index.php?rest_route=%2Fwp%2Fv2%2Fmedia&parent=115947"}],"wp:term":[{"taxonomy":"category","embeddable":true,"href":"https:\/\/blitzconquista.com.br\/index.php?rest_route=%2Fwp%2Fv2%2Fcategories&post=115947"},{"taxonomy":"post_tag","embeddable":true,"href":"https:\/\/blitzconquista.com.br\/index.php?rest_route=%2Fwp%2Fv2%2Ftags&post=115947"}],"curies":[{"name":"wp","href":"https:\/\/api.w.org\/{rel}","templated":true}]}}