{"id":115951,"date":"2022-05-16T11:52:13","date_gmt":"2022-05-16T14:52:13","guid":{"rendered":"http:\/\/blitzconquista.com.br\/?p=115951"},"modified":"2022-05-16T11:52:13","modified_gmt":"2022-05-16T14:52:13","slug":"indicadores-preco-do-cafe-arabica-sofre-queda-nesta-segunda-feira-16","status":"publish","type":"post","link":"https:\/\/blitzconquista.com.br\/?p=115951","title":{"rendered":"INDICADORES: pre\u00e7o do caf\u00e9 ar\u00e1bica sofre queda nesta segunda-feira (16)"},"content":{"rendered":"<h3 class=\"notices-list__blog-card__summary\" style=\"text-align: center;\">No mercado financeiro, o pre\u00e7o da saca de 60 quilos do milho teve alta de 0,16% e \u00e9 negociada a R$ 86,54.<\/h3>\n<p><img decoding=\"async\" loading=\"lazy\" class=\"aligncenter  wp-image-100444\" src=\"http:\/\/blitzconquista.com.br\/wp-content\/uploads\/2021\/04\/Dia-Mundial-do-Cafe.jpg\" alt=\"\" width=\"480\" height=\"480\" srcset=\"https:\/\/blitzconquista.com.br\/wp-content\/uploads\/2021\/04\/Dia-Mundial-do-Cafe.jpg 640w, https:\/\/blitzconquista.com.br\/wp-content\/uploads\/2021\/04\/Dia-Mundial-do-Cafe-300x300.jpg 300w, https:\/\/blitzconquista.com.br\/wp-content\/uploads\/2021\/04\/Dia-Mundial-do-Cafe-150x150.jpg 150w, https:\/\/blitzconquista.com.br\/wp-content\/uploads\/2021\/04\/Dia-Mundial-do-Cafe-65x65.jpg 65w\" sizes=\"(max-width: 480px) 100vw, 480px\" \/><\/p>\n<div id=\"js-text-clipboard\" class=\"notice-content__show js-notice-expand js-permit-copy fix-height\">\n<p>A saca de 60 quilos do caf\u00e9 ar\u00e1bica come\u00e7ou a segunda-feira (16) com queda de 0,93% no pre\u00e7o e \u00e9 vendida a R$ 1.259,80 na cidade de S\u00e3o Paulo. O caf\u00e9 robusta tamb\u00e9m teve redu\u00e7\u00e3o no valor. A baixa foi de 0,33% e a saca \u00e9 comercializada a R$ 752,61 para retirada no Esp\u00edrito Santo.<\/p>\n<p>O a\u00e7\u00facar cristal teve um aumento de 0,57% no pre\u00e7o e o produto \u00e9 vendido a R$ 131,96 em S\u00e3o Paulo. Em Santos, no litoral paulista, o valor da saca de 50 quilos, sem impostos, caiu 0,52% e a mercadoria \u00e9 comercializada a R$ 124,46.<\/p>\n<p>No mercado financeiro, o pre\u00e7o da saca de 60 quilos do milho teve alta de 0,16% e \u00e9 negociada a R$ 86,54.<\/p>\n<p>Os valores s\u00e3o do Cepea.\n<\/p><\/div>\n","protected":false},"excerpt":{"rendered":"<p>No mercado financeiro, o pre\u00e7o da saca de 60 quilos do milho teve alta de 0,16% e \u00e9 negociada a R$ 86,54. A saca de 60 quilos do caf\u00e9 ar\u00e1bica come\u00e7ou a segunda-feira (16) com queda de 0,93% no pre\u00e7o e \u00e9 vendida a R$ 1.259,80 na cidade de S\u00e3o Paulo. O caf\u00e9 robusta tamb\u00e9m [&hellip;]<\/p>\n","protected":false},"author":1,"featured_media":100444,"comment_status":"closed","ping_status":"closed","sticky":false,"template":"","format":"standard","meta":[],"categories":[478],"tags":[],"_links":{"self":[{"href":"https:\/\/blitzconquista.com.br\/index.php?rest_route=\/wp\/v2\/posts\/115951"}],"collection":[{"href":"https:\/\/blitzconquista.com.br\/index.php?rest_route=\/wp\/v2\/posts"}],"about":[{"href":"https:\/\/blitzconquista.com.br\/index.php?rest_route=\/wp\/v2\/types\/post"}],"author":[{"embeddable":true,"href":"https:\/\/blitzconquista.com.br\/index.php?rest_route=\/wp\/v2\/users\/1"}],"replies":[{"embeddable":true,"href":"https:\/\/blitzconquista.com.br\/index.php?rest_route=%2Fwp%2Fv2%2Fcomments&post=115951"}],"version-history":[{"count":1,"href":"https:\/\/blitzconquista.com.br\/index.php?rest_route=\/wp\/v2\/posts\/115951\/revisions"}],"predecessor-version":[{"id":115953,"href":"https:\/\/blitzconquista.com.br\/index.php?rest_route=\/wp\/v2\/posts\/115951\/revisions\/115953"}],"wp:featuredmedia":[{"embeddable":true,"href":"https:\/\/blitzconquista.com.br\/index.php?rest_route=\/wp\/v2\/media\/100444"}],"wp:attachment":[{"href":"https:\/\/blitzconquista.com.br\/index.php?rest_route=%2Fwp%2Fv2%2Fmedia&parent=115951"}],"wp:term":[{"taxonomy":"category","embeddable":true,"href":"https:\/\/blitzconquista.com.br\/index.php?rest_route=%2Fwp%2Fv2%2Fcategories&post=115951"},{"taxonomy":"post_tag","embeddable":true,"href":"https:\/\/blitzconquista.com.br\/index.php?rest_route=%2Fwp%2Fv2%2Ftags&post=115951"}],"curies":[{"name":"wp","href":"https:\/\/api.w.org\/{rel}","templated":true}]}}