{"id":116124,"date":"2022-05-20T15:28:27","date_gmt":"2022-05-20T18:28:27","guid":{"rendered":"http:\/\/blitzconquista.com.br\/?p=116124"},"modified":"2022-05-20T15:28:27","modified_gmt":"2022-05-20T18:28:27","slug":"prisao-por-maus-tratos-e-carcere","status":"publish","type":"post","link":"https:\/\/blitzconquista.com.br\/?p=116124","title":{"rendered":"Pris\u00e3o por maus tratos e c\u00e1rcere!"},"content":{"rendered":"<figure id=\"attachment_116127\" aria-describedby=\"caption-attachment-116127\" style=\"width: 455px\" class=\"wp-caption aligncenter\"><img decoding=\"async\" loading=\"lazy\" class=\"wp-image-116127\" src=\"http:\/\/blitzconquista.com.br\/wp-content\/uploads\/2022\/05\/PC-Iacu-Carcere-e-Maus-tratos.jpg\" alt=\"\" width=\"455\" height=\"486\" srcset=\"https:\/\/blitzconquista.com.br\/wp-content\/uploads\/2022\/05\/PC-Iacu-Carcere-e-Maus-tratos.jpg 385w, https:\/\/blitzconquista.com.br\/wp-content\/uploads\/2022\/05\/PC-Iacu-Carcere-e-Maus-tratos-281x300.jpg 281w\" sizes=\"(max-width: 455px) 100vw, 455px\" \/><figcaption id=\"caption-attachment-116127\" class=\"wp-caption-text\">Imagem: PC\/BA<\/figcaption><\/figure>\n<p>Um homem acusado de manter em c\u00e1rcere privado sua esposa e filha foi preso em flagrante por policiais da Delegacia Territorial de Ia\u00e7u. Uma den\u00fancia levou os agentes at\u00e9 o local que realizou o cumprimento de mandado de busca e apreens\u00e3o na casa, que era inapropriada para conviv\u00eancia em fam\u00edlia. A a\u00e7\u00e3o contou com o apoio da Pol\u00edcia Militar.<\/p>\n<p>Ao entrar no local os policiais perceberam que o autor residia no mesmo terreno, mas em uma \u201ccasinha\u201d ao fundo do im\u00f3vel e que ele mantinha consigo a chave do cadeado da resid\u00eancia, trancando esposa e filha por fora. O local n\u00e3o tinha m\u00f3veis, apenas um sof\u00e1 e uma cama e uns alimentos b\u00e1sicos embaixo de uma lona preta. O homem foi preso em flagrante pelos crimes de maus tratos e c\u00e1rcere privado e est\u00e1 \u00e0 disposi\u00e7\u00e3o do Poder Judici\u00e1rio.<\/p>\n<p><img decoding=\"async\" loading=\"lazy\" class=\"aligncenter size-full wp-image-116128\" src=\"http:\/\/blitzconquista.com.br\/wp-content\/uploads\/2022\/05\/PC-Iacu-Carcere-e-Maus-tratos2.jpg\" alt=\"\" width=\"358\" height=\"367\" srcset=\"https:\/\/blitzconquista.com.br\/wp-content\/uploads\/2022\/05\/PC-Iacu-Carcere-e-Maus-tratos2.jpg 358w, https:\/\/blitzconquista.com.br\/wp-content\/uploads\/2022\/05\/PC-Iacu-Carcere-e-Maus-tratos2-293x300.jpg 293w\" sizes=\"(max-width: 358px) 100vw, 358px\" \/><\/p>\n<p><img decoding=\"async\" loading=\"lazy\" class=\"aligncenter size-full wp-image-116129\" src=\"http:\/\/blitzconquista.com.br\/wp-content\/uploads\/2022\/05\/PC-Iacu-Carcere-e-Maus-tratos3.jpg\" alt=\"\" width=\"377\" height=\"453\" srcset=\"https:\/\/blitzconquista.com.br\/wp-content\/uploads\/2022\/05\/PC-Iacu-Carcere-e-Maus-tratos3.jpg 377w, https:\/\/blitzconquista.com.br\/wp-content\/uploads\/2022\/05\/PC-Iacu-Carcere-e-Maus-tratos3-250x300.jpg 250w\" sizes=\"(max-width: 377px) 100vw, 377px\" \/><\/p>\n<p>&nbsp;<\/p>\n<p>Fonte: Ascom &#8211; PC\/BA<\/p>\n","protected":false},"excerpt":{"rendered":"<p>Um homem acusado de manter em c\u00e1rcere privado sua esposa e filha foi preso em flagrante por policiais da Delegacia Territorial de Ia\u00e7u. Uma den\u00fancia levou os agentes at\u00e9 o local que realizou o cumprimento de mandado de busca e apreens\u00e3o na casa, que era inapropriada para conviv\u00eancia em fam\u00edlia. A a\u00e7\u00e3o contou com o [&hellip;]<\/p>\n","protected":false},"author":1,"featured_media":116127,"comment_status":"closed","ping_status":"closed","sticky":false,"template":"","format":"standard","meta":[],"categories":[3],"tags":[],"_links":{"self":[{"href":"https:\/\/blitzconquista.com.br\/index.php?rest_route=\/wp\/v2\/posts\/116124"}],"collection":[{"href":"https:\/\/blitzconquista.com.br\/index.php?rest_route=\/wp\/v2\/posts"}],"about":[{"href":"https:\/\/blitzconquista.com.br\/index.php?rest_route=\/wp\/v2\/types\/post"}],"author":[{"embeddable":true,"href":"https:\/\/blitzconquista.com.br\/index.php?rest_route=\/wp\/v2\/users\/1"}],"replies":[{"embeddable":true,"href":"https:\/\/blitzconquista.com.br\/index.php?rest_route=%2Fwp%2Fv2%2Fcomments&post=116124"}],"version-history":[{"count":1,"href":"https:\/\/blitzconquista.com.br\/index.php?rest_route=\/wp\/v2\/posts\/116124\/revisions"}],"predecessor-version":[{"id":116130,"href":"https:\/\/blitzconquista.com.br\/index.php?rest_route=\/wp\/v2\/posts\/116124\/revisions\/116130"}],"wp:featuredmedia":[{"embeddable":true,"href":"https:\/\/blitzconquista.com.br\/index.php?rest_route=\/wp\/v2\/media\/116127"}],"wp:attachment":[{"href":"https:\/\/blitzconquista.com.br\/index.php?rest_route=%2Fwp%2Fv2%2Fmedia&parent=116124"}],"wp:term":[{"taxonomy":"category","embeddable":true,"href":"https:\/\/blitzconquista.com.br\/index.php?rest_route=%2Fwp%2Fv2%2Fcategories&post=116124"},{"taxonomy":"post_tag","embeddable":true,"href":"https:\/\/blitzconquista.com.br\/index.php?rest_route=%2Fwp%2Fv2%2Ftags&post=116124"}],"curies":[{"name":"wp","href":"https:\/\/api.w.org\/{rel}","templated":true}]}}