{"id":117057,"date":"2022-06-16T02:52:32","date_gmt":"2022-06-16T05:52:32","guid":{"rendered":"http:\/\/blitzconquista.com.br\/?p=117057"},"modified":"2022-06-16T02:52:32","modified_gmt":"2022-06-16T05:52:32","slug":"fim-do-foro-privilegiado-pode-restabelecer-credibilidade-do-supremo-avaliam-senadores","status":"publish","type":"post","link":"https:\/\/blitzconquista.com.br\/?p=117057","title":{"rendered":"Fim do foro privilegiado pode restabelecer credibilidade do Supremo, avaliam senadores"},"content":{"rendered":"<figure id=\"attachment_117059\" aria-describedby=\"caption-attachment-117059\" style=\"width: 2047px\" class=\"wp-caption aligncenter\"><img decoding=\"async\" loading=\"lazy\" class=\"wp-image-117059 size-full\" src=\"http:\/\/blitzconquista.com.br\/wp-content\/uploads\/2022\/06\/Agencia-Senado-Plenario.jpg\" alt=\"\" width=\"2047\" height=\"1365\" srcset=\"https:\/\/blitzconquista.com.br\/wp-content\/uploads\/2022\/06\/Agencia-Senado-Plenario.jpg 2047w, https:\/\/blitzconquista.com.br\/wp-content\/uploads\/2022\/06\/Agencia-Senado-Plenario-300x200.jpg 300w, https:\/\/blitzconquista.com.br\/wp-content\/uploads\/2022\/06\/Agencia-Senado-Plenario-695x463.jpg 695w, https:\/\/blitzconquista.com.br\/wp-content\/uploads\/2022\/06\/Agencia-Senado-Plenario-768x512.jpg 768w, https:\/\/blitzconquista.com.br\/wp-content\/uploads\/2022\/06\/Agencia-Senado-Plenario-1536x1024.jpg 1536w, https:\/\/blitzconquista.com.br\/wp-content\/uploads\/2022\/06\/Agencia-Senado-Plenario-414x276.jpg 414w, https:\/\/blitzconquista.com.br\/wp-content\/uploads\/2022\/06\/Agencia-Senado-Plenario-470x313.jpg 470w, https:\/\/blitzconquista.com.br\/wp-content\/uploads\/2022\/06\/Agencia-Senado-Plenario-640x426.jpg 640w, https:\/\/blitzconquista.com.br\/wp-content\/uploads\/2022\/06\/Agencia-Senado-Plenario-130x86.jpg 130w, https:\/\/blitzconquista.com.br\/wp-content\/uploads\/2022\/06\/Agencia-Senado-Plenario-187x124.jpg 187w, https:\/\/blitzconquista.com.br\/wp-content\/uploads\/2022\/06\/Agencia-Senado-Plenario-990x660.jpg 990w, https:\/\/blitzconquista.com.br\/wp-content\/uploads\/2022\/06\/Agencia-Senado-Plenario-1320x880.jpg 1320w\" sizes=\"(max-width: 2047px) 100vw, 2047px\" \/><figcaption id=\"caption-attachment-117059\" class=\"wp-caption-text\">Foto: Edilson Rodrigues\/Ag\u00eancia Senado<\/figcaption><\/figure>\n<p><span data-contrast=\"auto\">A Proposta de Emenda \u00e0 Constitui\u00e7\u00e3o que restringe o foro por prerrogativa de fun\u00e7\u00e3o nos casos de crime comum a apenas 5 autoridades \u00e9 considerada pelo senador \u00c1lvaro dias (Podemos-PR) uma oportunidade de restabelecer a credibilidade do Supremo Tribunal Federal &#8211; STF.<\/span><span data-ccp-props=\"{}\">\u00a0<\/span><\/p>\n<p><span data-contrast=\"auto\">Segundo o autor da PEC que determina o fim do foro privilegiado de mais de 55 mil autoridades, h\u00e1 uma cobran\u00e7a da popula\u00e7\u00e3o por medidas a serem tomadas no Senado sobre o STF.<\/span><span data-ccp-props=\"{}\">\u00a0<\/span><\/p>\n<blockquote><p><i><span data-contrast=\"auto\">\u201cEu ou\u00e7o de muitos brasileiros que n\u00e3o h\u00e1 provid\u00eancia aqui no Senado em rela\u00e7\u00e3o ao supremo, porque h\u00e1 um conluio entre os 2 produtores. Se h\u00e1 esse conluio, \u00e9 f\u00e1cil acabar com ele, basta aprovar o projeto que acaba com o foro privilegiado. O que alegam? Alegam que s\u00f3 os senadores podem julgar ministros do supremo e s\u00f3 os ministros do supremo podem julgar senadores. Ent\u00e3o, se estabeleceria esse conluio. O\u00a0projeto est\u00e1 l\u00e1 na C\u00e2mara dos deputados h\u00e1 5 anos.\u201d<\/span><\/i><span data-ccp-props=\"{}\">\u00a0<\/span><\/p><\/blockquote>\n<p><span data-ccp-props=\"{}\">\u00a0<\/span><span data-contrast=\"auto\">\u00c1lvaro Dias pondera que n\u00e3o h\u00e1 nada similar no mundo. Ele explica que, apesar de haver um foro limitado em alguns pa\u00edses, o mecanismo utilizado no Brasil tem muita abrang\u00eancia.<\/span><span data-ccp-props=\"{}\">\u00a0<\/span><\/p>\n<blockquote><p><span data-ccp-props=\"{}\">\u00a0<\/span><i><span data-contrast=\"auto\">\u201cN\u00e3o h\u00e1\u00a0em nenhuma na\u00e7\u00e3o do mundo nada que se compare. Eu n\u00e3o entendo como, quando uma popula\u00e7\u00e3o inteira pede, como se possa negar a ela o direito de ver essa proposta em delibera\u00e7\u00e3o. Vamos dar a oportunidade para aqueles que querem aprovar o fim do foro privilegiado decretar esse salto civilizat\u00f3rio; um passo na rea\u00e7\u00e3o de uma nova justi\u00e7a neste pa\u00eds.\u201d<\/span><\/i> <span data-ccp-props=\"{}\">\u00a0<\/span><\/p><\/blockquote>\n<p><span data-contrast=\"auto\">O senador Oriovisto Guimar\u00e3es (Podemos \u2013 PR), tamb\u00e9m se manifestou sobre o assunto, destacando as consequ\u00eancias da aprova\u00e7\u00e3o da PEC proposta por \u00c1lvaro Dias.<\/span><span data-ccp-props=\"{}\">\u00a0<\/span><\/p>\n<blockquote><p><span data-ccp-props=\"{}\">\u00a0<\/span><i><span data-contrast=\"auto\">\u201c\u00c9 consequ\u00eancia l\u00f3gica do fim do foro privilegiado. Todos os parlamentares, sejam deputados, sejam senadores, seja qualquer um dos 50 mil que tem um foro privilegiado. Ao acabar (com o foro), o supremo vai se dedicar a ser supremo, e n\u00e3o tribunal criminal. Os processos todos que est\u00e3o l\u00e1 v\u00e3o para a primeira inst\u00e2ncia.\u201d<\/span><\/i> <span data-ccp-props=\"{}\">\u00a0<\/span><\/p><\/blockquote>\n<p><span data-ccp-props=\"{}\">\u00a0<\/span><span data-contrast=\"auto\">Oriovisto observou ainda que, com o fim do foro privilegiado, acontecer\u00e3o mais r\u00e1pido os julgamentos em segunda inst\u00e2ncia de pol\u00edticos e outras autoridades que cometem crimes, retirando o direito dessas pessoas de participar da pol\u00edtica, conforme determina a lei da ficha limpa.<\/span><span data-ccp-props=\"{}\">\u00a0<\/span><\/p>\n<p>&nbsp;<\/p>\n<p>Fonte: Ag\u00eancia Senado<\/p>\n","protected":false},"excerpt":{"rendered":"<p>A Proposta de Emenda \u00e0 Constitui\u00e7\u00e3o que restringe o foro por prerrogativa de fun\u00e7\u00e3o nos casos de crime comum a apenas 5 autoridades \u00e9 considerada pelo senador \u00c1lvaro dias (Podemos-PR) uma oportunidade de restabelecer a credibilidade do Supremo Tribunal Federal &#8211; STF.\u00a0 Segundo o autor da PEC que determina o fim do foro privilegiado de [&hellip;]<\/p>\n","protected":false},"author":1,"featured_media":117059,"comment_status":"closed","ping_status":"closed","sticky":false,"template":"","format":"standard","meta":[],"categories":[1,3],"tags":[],"_links":{"self":[{"href":"https:\/\/blitzconquista.com.br\/index.php?rest_route=\/wp\/v2\/posts\/117057"}],"collection":[{"href":"https:\/\/blitzconquista.com.br\/index.php?rest_route=\/wp\/v2\/posts"}],"about":[{"href":"https:\/\/blitzconquista.com.br\/index.php?rest_route=\/wp\/v2\/types\/post"}],"author":[{"embeddable":true,"href":"https:\/\/blitzconquista.com.br\/index.php?rest_route=\/wp\/v2\/users\/1"}],"replies":[{"embeddable":true,"href":"https:\/\/blitzconquista.com.br\/index.php?rest_route=%2Fwp%2Fv2%2Fcomments&post=117057"}],"version-history":[{"count":1,"href":"https:\/\/blitzconquista.com.br\/index.php?rest_route=\/wp\/v2\/posts\/117057\/revisions"}],"predecessor-version":[{"id":117060,"href":"https:\/\/blitzconquista.com.br\/index.php?rest_route=\/wp\/v2\/posts\/117057\/revisions\/117060"}],"wp:featuredmedia":[{"embeddable":true,"href":"https:\/\/blitzconquista.com.br\/index.php?rest_route=\/wp\/v2\/media\/117059"}],"wp:attachment":[{"href":"https:\/\/blitzconquista.com.br\/index.php?rest_route=%2Fwp%2Fv2%2Fmedia&parent=117057"}],"wp:term":[{"taxonomy":"category","embeddable":true,"href":"https:\/\/blitzconquista.com.br\/index.php?rest_route=%2Fwp%2Fv2%2Fcategories&post=117057"},{"taxonomy":"post_tag","embeddable":true,"href":"https:\/\/blitzconquista.com.br\/index.php?rest_route=%2Fwp%2Fv2%2Ftags&post=117057"}],"curies":[{"name":"wp","href":"https:\/\/api.w.org\/{rel}","templated":true}]}}