{"id":117357,"date":"2022-06-29T10:17:34","date_gmt":"2022-06-29T13:17:34","guid":{"rendered":"http:\/\/blitzconquista.com.br\/?p=117357"},"modified":"2022-06-29T10:17:34","modified_gmt":"2022-06-29T13:17:34","slug":"livros-publicados-pela-edicoes-uesb-estarao-na-bienal-internacional-do-livro","status":"publish","type":"post","link":"https:\/\/blitzconquista.com.br\/?p=117357","title":{"rendered":"Livros publicados pela Edi\u00e7\u00f5es Uesb estar\u00e3o na Bienal Internacional do livro"},"content":{"rendered":"<div class=\"col m8 offset-m2\">\n<p><img decoding=\"async\" class=\"size-full wp-image-53010 aligncenter responsive-img\" src=\"http:\/\/www.uesb.br\/wp-content\/uploads\/2022\/04\/novos-titulos-edicoes-uesb.jpg\" alt=\"\" \/><\/p>\n<p>Entre os dias 2 e 10 de julho, acontecer\u00e1 a 26\u00aa Bienal Internacional do livro de S\u00e3o Paulo, e os t\u00edtulos publicados no ano de 2022, pela Edi\u00e7\u00f5es Uesb, estar\u00e3o presentes no evento. As 20 obras publicadas neste ano poder\u00e3o ser encontrados no\u00a0<em>stand<\/em>\u00a0da Associa\u00e7\u00e3o Brasileira das Editoras Universit\u00e1rias (Abreu).<\/p>\n<p>Tamb\u00e9m com a finalidade de promover os livros da Editora em eventos pelo pa\u00eds, os e-books mais recentes publicados est\u00e3o dispon\u00edveis para downloads. Essas obras podem ser acessadas no\u00a0<a href=\"https:\/\/www.feirabeu.com.br\/edicoes-uesb\" target=\"_blank\" rel=\"noopener\">site da Feira Abreu<\/a>, que possui conv\u00eanio com a Uesb.<\/p>\n<p>Para mais informa\u00e7\u00f5es ou em caso de d\u00favidas, entre em contato com a\u00a0 Edi\u00e7\u00f5es Uesb, por meio do e-mail:\u00a0<a href=\"mailto:edicoesuesb@uesb.edu.br\" target=\"_blank\" rel=\"noopener\">edicoesuesb@uesb.edu.br<\/a>.<\/p>\n<\/div>\n<p>&nbsp;<\/p>\n<p>Fonte: Ascom &#8211; UESB<\/p>\n","protected":false},"excerpt":{"rendered":"<p>Entre os dias 2 e 10 de julho, acontecer\u00e1 a 26\u00aa Bienal Internacional do livro de S\u00e3o Paulo, e os t\u00edtulos publicados no ano de 2022, pela Edi\u00e7\u00f5es Uesb, estar\u00e3o presentes no evento. As 20 obras publicadas neste ano poder\u00e3o ser encontrados no\u00a0stand\u00a0da Associa\u00e7\u00e3o Brasileira das Editoras Universit\u00e1rias (Abreu). Tamb\u00e9m com a finalidade de promover [&hellip;]<\/p>\n","protected":false},"author":1,"featured_media":117360,"comment_status":"closed","ping_status":"closed","sticky":false,"template":"","format":"standard","meta":[],"categories":[478,28],"tags":[],"_links":{"self":[{"href":"https:\/\/blitzconquista.com.br\/index.php?rest_route=\/wp\/v2\/posts\/117357"}],"collection":[{"href":"https:\/\/blitzconquista.com.br\/index.php?rest_route=\/wp\/v2\/posts"}],"about":[{"href":"https:\/\/blitzconquista.com.br\/index.php?rest_route=\/wp\/v2\/types\/post"}],"author":[{"embeddable":true,"href":"https:\/\/blitzconquista.com.br\/index.php?rest_route=\/wp\/v2\/users\/1"}],"replies":[{"embeddable":true,"href":"https:\/\/blitzconquista.com.br\/index.php?rest_route=%2Fwp%2Fv2%2Fcomments&post=117357"}],"version-history":[{"count":1,"href":"https:\/\/blitzconquista.com.br\/index.php?rest_route=\/wp\/v2\/posts\/117357\/revisions"}],"predecessor-version":[{"id":117361,"href":"https:\/\/blitzconquista.com.br\/index.php?rest_route=\/wp\/v2\/posts\/117357\/revisions\/117361"}],"wp:featuredmedia":[{"embeddable":true,"href":"https:\/\/blitzconquista.com.br\/index.php?rest_route=\/wp\/v2\/media\/117360"}],"wp:attachment":[{"href":"https:\/\/blitzconquista.com.br\/index.php?rest_route=%2Fwp%2Fv2%2Fmedia&parent=117357"}],"wp:term":[{"taxonomy":"category","embeddable":true,"href":"https:\/\/blitzconquista.com.br\/index.php?rest_route=%2Fwp%2Fv2%2Fcategories&post=117357"},{"taxonomy":"post_tag","embeddable":true,"href":"https:\/\/blitzconquista.com.br\/index.php?rest_route=%2Fwp%2Fv2%2Ftags&post=117357"}],"curies":[{"name":"wp","href":"https:\/\/api.w.org\/{rel}","templated":true}]}}