{"id":117450,"date":"2022-07-01T12:08:11","date_gmt":"2022-07-01T15:08:11","guid":{"rendered":"http:\/\/blitzconquista.com.br\/?p=117450"},"modified":"2022-07-01T12:08:11","modified_gmt":"2022-07-01T15:08:11","slug":"luis-carlos-dude-de-office-boy-a-prefeito-da-cidade-dude-fala-da-emocao-em-assumir-o-executivo-municipal","status":"publish","type":"post","link":"https:\/\/blitzconquista.com.br\/?p=117450","title":{"rendered":"Lu\u00eds Carlos Dud\u00e9: de office boy, a Prefeito da cidade, Dud\u00e9 fala da emo\u00e7\u00e3o em assumir o executivo municipal"},"content":{"rendered":"<p>Por <a href=\"https:\/\/www.blogdopaulonunes.com\/v5\/index.php\/2022\/07\/01\/luis-carlos-dude-de-office-boy-a-prefeito-da-cidade-dude-fala-da-emocao-em-assumir-o-executivo-municipal\/\">Paulo Nunes<\/a><\/p>\n<p><img decoding=\"async\" loading=\"lazy\" class=\"aligncenter size-full wp-image-117453\" src=\"http:\/\/blitzconquista.com.br\/wp-content\/uploads\/2022\/07\/a-drupa.jpeg\" alt=\"\" width=\"577\" height=\"433\" srcset=\"https:\/\/blitzconquista.com.br\/wp-content\/uploads\/2022\/07\/a-drupa.jpeg 577w, https:\/\/blitzconquista.com.br\/wp-content\/uploads\/2022\/07\/a-drupa-300x225.jpeg 300w, https:\/\/blitzconquista.com.br\/wp-content\/uploads\/2022\/07\/a-drupa-74x55.jpeg 74w, https:\/\/blitzconquista.com.br\/wp-content\/uploads\/2022\/07\/a-drupa-111x83.jpeg 111w, https:\/\/blitzconquista.com.br\/wp-content\/uploads\/2022\/07\/a-drupa-215x161.jpeg 215w\" sizes=\"(max-width: 577px) 100vw, 577px\" \/><\/p>\n<p>Na tarde desta sexta-feira, 01 de junho, o presidente da C\u00e2mara de Vereadores de Vit\u00f3ria da Conquista, Lu\u00eds Carlos Dud\u00e9, assume a prefeitura nas f\u00e9rias de Sheila Lemos. Em entrevista concedida ao programa Reda\u00e7\u00e3o Brasil, o edil n\u00e3o escondeu a emo\u00e7\u00e3o. \u201cComecei minha vida como office boy na C\u00e2mara, logo depois servidor da Prefeitura. Encaro com muita naturalidade e agrade\u00e7o a Prefeita Sheila Lemos pela confian\u00e7a\u201d, disse Dud\u00e9. A solenidade promete ser bastante concorrida.<\/p>\n<p>A solenidade de transmiss\u00e3o do cargo acontece \u00e0s 16 horas no audit\u00f3rio do CEMAE, situado na avenida Ol\u00edvia Flores, 3000, bairro Candeias.<\/p>\n","protected":false},"excerpt":{"rendered":"<p>Por Paulo Nunes Na tarde desta sexta-feira, 01 de junho, o presidente da C\u00e2mara de Vereadores de Vit\u00f3ria da Conquista, Lu\u00eds Carlos Dud\u00e9, assume a prefeitura nas f\u00e9rias de Sheila Lemos. Em entrevista concedida ao programa Reda\u00e7\u00e3o Brasil, o edil n\u00e3o escondeu a emo\u00e7\u00e3o. \u201cComecei minha vida como office boy na C\u00e2mara, logo depois servidor [&hellip;]<\/p>\n","protected":false},"author":1,"featured_media":117453,"comment_status":"closed","ping_status":"closed","sticky":false,"template":"","format":"standard","meta":[],"categories":[5],"tags":[],"_links":{"self":[{"href":"https:\/\/blitzconquista.com.br\/index.php?rest_route=\/wp\/v2\/posts\/117450"}],"collection":[{"href":"https:\/\/blitzconquista.com.br\/index.php?rest_route=\/wp\/v2\/posts"}],"about":[{"href":"https:\/\/blitzconquista.com.br\/index.php?rest_route=\/wp\/v2\/types\/post"}],"author":[{"embeddable":true,"href":"https:\/\/blitzconquista.com.br\/index.php?rest_route=\/wp\/v2\/users\/1"}],"replies":[{"embeddable":true,"href":"https:\/\/blitzconquista.com.br\/index.php?rest_route=%2Fwp%2Fv2%2Fcomments&post=117450"}],"version-history":[{"count":1,"href":"https:\/\/blitzconquista.com.br\/index.php?rest_route=\/wp\/v2\/posts\/117450\/revisions"}],"predecessor-version":[{"id":117454,"href":"https:\/\/blitzconquista.com.br\/index.php?rest_route=\/wp\/v2\/posts\/117450\/revisions\/117454"}],"wp:featuredmedia":[{"embeddable":true,"href":"https:\/\/blitzconquista.com.br\/index.php?rest_route=\/wp\/v2\/media\/117453"}],"wp:attachment":[{"href":"https:\/\/blitzconquista.com.br\/index.php?rest_route=%2Fwp%2Fv2%2Fmedia&parent=117450"}],"wp:term":[{"taxonomy":"category","embeddable":true,"href":"https:\/\/blitzconquista.com.br\/index.php?rest_route=%2Fwp%2Fv2%2Fcategories&post=117450"},{"taxonomy":"post_tag","embeddable":true,"href":"https:\/\/blitzconquista.com.br\/index.php?rest_route=%2Fwp%2Fv2%2Ftags&post=117450"}],"curies":[{"name":"wp","href":"https:\/\/api.w.org\/{rel}","templated":true}]}}