{"id":117596,"date":"2022-07-07T16:32:16","date_gmt":"2022-07-07T19:32:16","guid":{"rendered":"http:\/\/blitzconquista.com.br\/?p=117596"},"modified":"2022-07-07T16:32:16","modified_gmt":"2022-07-07T19:32:16","slug":"estagio-no-mpf-instituicoes-de-ensino-superior-na-bahia-podem-solicitar-credenciamento-ate-29-07","status":"publish","type":"post","link":"https:\/\/blitzconquista.com.br\/?p=117596","title":{"rendered":"Est\u00e1gio no MPF: institui\u00e7\u00f5es de ensino superior na Bahia podem solicitar credenciamento at\u00e9 29\/07"},"content":{"rendered":"<div id=\"viewlet-below-content-title\">\n<div id=\"viewlet-social-like\" class=\"horizontal\">\n<h3 class=\"sociallike-network-twitter\" style=\"text-align: center;\">Estudantes de Administra\u00e7\u00e3o, Comunica\u00e7\u00e3o, Direito (gradua\u00e7\u00e3o e p\u00f3s-gradua\u00e7\u00e3o), entre outros cursos, tem oportunidade de ingressar no concurso ainda em 2022<\/h3>\n<\/div>\n<\/div>\n<div class=\"img\">\n<figure style=\"width: 400px\" class=\"wp-caption aligncenter\"><img decoding=\"async\" loading=\"lazy\" class=\"newsImage\" title=\"Frase &quot;est\u00e1gio no MPF&quot;\" src=\"http:\/\/www.mpf.mp.br\/ba\/sala-de-imprensa\/noticias-ba\/estagio-no-mpf-instituicoes-de-ensino-superior-na-bahia-podem-solicitar-credenciamento-ate-29-07\/image_preview\" alt=\"Frase &quot;est\u00e1gio no MPF&quot;\" width=\"400\" height=\"256\" \/><figcaption class=\"wp-caption-text\">Frase &#8220;est\u00e1gio no MPF&#8221;<\/figcaption><\/figure>\n<\/div>\n<p>O Minist\u00e9rio P\u00fablico Federal (MPF) na Bahia abriu prazo para celebra\u00e7\u00e3o de conv\u00eanio com institui\u00e7\u00f5es de ensino superior, devidamente reconhecidas pelo Minist\u00e9rio da Educa\u00e7\u00e3o (MEC), para que seus alunos possam participar do programa de est\u00e1gio da institui\u00e7\u00e3o. A solicita\u00e7\u00e3o dever\u00e1 ser feita at\u00e9 o dia 29 julho, pelo\u00a0<a class=\"email-link\" title=\"\" href=\"mailto:prba-estagio@mpf.mp.br\" target=\"_self\" rel=\"noopener\">e-mail prba-estagio@mpf.mp.br<\/a>.<\/p>\n<p>Com o credenciamento, os estudantes da institui\u00e7\u00e3o poder\u00e3o participar dos processos seletivos oferecidos pelo MPF na Bahia e, no caso de aprova\u00e7\u00e3o, serem nomeados para as vagas de est\u00e1gio, sempre obedecendo a ordem de classifica\u00e7\u00e3o e quantidade de vagas.<\/p>\n<p><strong>Cursos e unidades do MPF \u2013<\/strong>\u00a0O credenciamento, aberto at\u00e9 29 de julho, tem como p\u00fablico-alvo todas as institui\u00e7\u00f5es reconhecidas pelo Minist\u00e9rio da Educa\u00e7\u00e3o, para o programa de est\u00e1gio do MPF, sendo especialmente voltado para institui\u00e7\u00f5es que ofere\u00e7am os cursos abaixo, que dever\u00e3o ser contemplados no 24\u00ba Concurso de Est\u00e1gio, nas seguintes unidades:<\/p>\n<p>&#8211; Administra\u00e7\u00e3o &#8211; Salvador<\/p>\n<p>&#8211; Arquitetura &#8211; Salvador<\/p>\n<p>&#8211; Biblioteconomia &#8211; Salvador<\/p>\n<p>&#8211; Biologia &#8211; Salvador<\/p>\n<p>&#8211; Ci\u00eancias Sociais\/Antropologia &#8211; Salvador<\/p>\n<p>&#8211; Comunica\u00e7\u00e3o Social &#8211; Salvador<\/p>\n<p>&#8211; Inform\u00e1tica (Ci\u00eancia da Computa\u00e7\u00e3o\/Sistema de Informa\u00e7\u00e3o\/Inform\u00e1tica e Engenharia da Computa\u00e7\u00e3o\/Redes de Computadores) &#8211; Salvador<\/p>\n<p>&#8211; Direito (gradua\u00e7\u00e3o) &#8211; Salvador, Barreiras\/Bom Jesus da Lapa, Campo Formoso, Eun\u00e1polis, Feira de Santana, Guanambi, Ilh\u00e9us, Irec\u00ea, Paulo Afonso, Vit\u00f3ria da Conquista e Teixeira de Freitas.<\/p>\n<p>&#8211; Direito (p\u00f3s-gradua\u00e7\u00e3o) &#8211; Salvador, Barreiras\/Bom Jesus da Lapa e Campo Formoso.<\/p>\n<p>Confira a \u00edntegra do\u00a0<a class=\"internal-link\" title=\"\" href=\"http:\/\/www.mpf.mp.br\/ba\/sala-de-imprensa\/noticias-ba\/migracao\/PRBA00048732.2022.pdf\" target=\"_self\" rel=\"noopener\">edital de Chamamento P\u00fablico<\/a>.<\/p>\n<p>Confira\u00a0<a class=\"external-link\" title=\"\" href=\"http:\/\/www.mpf.mp.br\/ba\/estagie-conosco\/conveniosinstituicoesensino\" target=\"_self\" rel=\"noopener\">aqui<\/a>\u00a0a p\u00e1gina com a lista atualizada das institui\u00e7\u00f5es baianas conveniadas com ao MPF.<\/p>\n<div>\n<div>\n<p class=\"western\" align=\"justify\">Assessoria de Comunica\u00e7\u00e3o<br \/>\nMinist\u00e9rio P\u00fablico Federal na Bahia<\/p>\n<\/div>\n<\/div>\n","protected":false},"excerpt":{"rendered":"<p>Estudantes de Administra\u00e7\u00e3o, Comunica\u00e7\u00e3o, Direito (gradua\u00e7\u00e3o e p\u00f3s-gradua\u00e7\u00e3o), entre outros cursos, tem oportunidade de ingressar no concurso ainda em 2022 O Minist\u00e9rio P\u00fablico Federal (MPF) na Bahia abriu prazo para celebra\u00e7\u00e3o de conv\u00eanio com institui\u00e7\u00f5es de ensino superior, devidamente reconhecidas pelo Minist\u00e9rio da Educa\u00e7\u00e3o (MEC), para que seus alunos possam participar do programa de est\u00e1gio [&hellip;]<\/p>\n","protected":false},"author":1,"featured_media":117598,"comment_status":"closed","ping_status":"closed","sticky":false,"template":"","format":"standard","meta":[],"categories":[1,28],"tags":[],"_links":{"self":[{"href":"https:\/\/blitzconquista.com.br\/index.php?rest_route=\/wp\/v2\/posts\/117596"}],"collection":[{"href":"https:\/\/blitzconquista.com.br\/index.php?rest_route=\/wp\/v2\/posts"}],"about":[{"href":"https:\/\/blitzconquista.com.br\/index.php?rest_route=\/wp\/v2\/types\/post"}],"author":[{"embeddable":true,"href":"https:\/\/blitzconquista.com.br\/index.php?rest_route=\/wp\/v2\/users\/1"}],"replies":[{"embeddable":true,"href":"https:\/\/blitzconquista.com.br\/index.php?rest_route=%2Fwp%2Fv2%2Fcomments&post=117596"}],"version-history":[{"count":1,"href":"https:\/\/blitzconquista.com.br\/index.php?rest_route=\/wp\/v2\/posts\/117596\/revisions"}],"predecessor-version":[{"id":117599,"href":"https:\/\/blitzconquista.com.br\/index.php?rest_route=\/wp\/v2\/posts\/117596\/revisions\/117599"}],"wp:featuredmedia":[{"embeddable":true,"href":"https:\/\/blitzconquista.com.br\/index.php?rest_route=\/wp\/v2\/media\/117598"}],"wp:attachment":[{"href":"https:\/\/blitzconquista.com.br\/index.php?rest_route=%2Fwp%2Fv2%2Fmedia&parent=117596"}],"wp:term":[{"taxonomy":"category","embeddable":true,"href":"https:\/\/blitzconquista.com.br\/index.php?rest_route=%2Fwp%2Fv2%2Fcategories&post=117596"},{"taxonomy":"post_tag","embeddable":true,"href":"https:\/\/blitzconquista.com.br\/index.php?rest_route=%2Fwp%2Fv2%2Ftags&post=117596"}],"curies":[{"name":"wp","href":"https:\/\/api.w.org\/{rel}","templated":true}]}}