{"id":118017,"date":"2022-07-21T09:05:05","date_gmt":"2022-07-21T12:05:05","guid":{"rendered":"http:\/\/blitzconquista.com.br\/?p=118017"},"modified":"2022-07-21T09:05:05","modified_gmt":"2022-07-21T12:05:05","slug":"indicadores-preco-do-boi-gordo-tem-aumento-nesta-quinta-feira-21","status":"publish","type":"post","link":"https:\/\/blitzconquista.com.br\/?p=118017","title":{"rendered":"INDICADORES: Pre\u00e7o do boi gordo tem aumento nesta quinta-feira (21)"},"content":{"rendered":"<h3 class=\"notices-list__blog-card__summary\" style=\"text-align: center;\">No mercado financeiro, o pre\u00e7o da carca\u00e7a su\u00edna especial n\u00e3o teve aumento no pre\u00e7o e o produto \u00e9 vendido por R$ 9,75<\/h3>\n<p><img decoding=\"async\" loading=\"lazy\" class=\"aligncenter size-full wp-image-115949\" src=\"http:\/\/blitzconquista.com.br\/wp-content\/uploads\/2022\/05\/Boi-Gordo-Boi-gordo.-Foto-Gabriel-Rezende-FariaEmbrapa.jpg\" alt=\"\" width=\"500\" height=\"320\" srcset=\"https:\/\/blitzconquista.com.br\/wp-content\/uploads\/2022\/05\/Boi-Gordo-Boi-gordo.-Foto-Gabriel-Rezende-FariaEmbrapa.jpg 500w, https:\/\/blitzconquista.com.br\/wp-content\/uploads\/2022\/05\/Boi-Gordo-Boi-gordo.-Foto-Gabriel-Rezende-FariaEmbrapa-300x192.jpg 300w\" sizes=\"(max-width: 500px) 100vw, 500px\" \/><\/p>\n<div id=\"js-text-clipboard\" class=\"notice-content__show js-notice-expand js-permit-copy fix-height\">\n<p>A cota\u00e7\u00e3o da arroba do boi gordo come\u00e7ou a quinta-feira (21) com aumento de 0,72% e o produto \u00e9 negociado a R$ 323,70 em S\u00e3o Paulo.<\/p>\n<p>O pre\u00e7o do quilo do frango congelado sofreu alta de 0,88% e o produto \u00e9 vendido por R$ 8,02. O pre\u00e7o do quilo do frango resfriado sofreu alta de 0,37% e a mercadoria \u00e9 comercializada a R$ 8,07.<\/p>\n<p>No mercado financeiro, o pre\u00e7o da carca\u00e7a su\u00edna especial n\u00e3o teve aumento no pre\u00e7o e o produto \u00e9 vendido por R$ 9,75.<\/p>\n<p>Em Minas Gerais, o su\u00edno vivo \u00e9 vendido a R$ 7,25. No Paran\u00e1, o produto \u00e9 comercializado \u00e0 vista a R$ 6,29.<\/p>\n<p>Os valores s\u00e3o do Cepea\/USP.<\/p>\n<\/div>\n","protected":false},"excerpt":{"rendered":"<p>No mercado financeiro, o pre\u00e7o da carca\u00e7a su\u00edna especial n\u00e3o teve aumento no pre\u00e7o e o produto \u00e9 vendido por R$ 9,75 A cota\u00e7\u00e3o da arroba do boi gordo come\u00e7ou a quinta-feira (21) com aumento de 0,72% e o produto \u00e9 negociado a R$ 323,70 em S\u00e3o Paulo. O pre\u00e7o do quilo do frango congelado [&hellip;]<\/p>\n","protected":false},"author":1,"featured_media":115949,"comment_status":"closed","ping_status":"closed","sticky":false,"template":"","format":"standard","meta":[],"categories":[478],"tags":[],"_links":{"self":[{"href":"https:\/\/blitzconquista.com.br\/index.php?rest_route=\/wp\/v2\/posts\/118017"}],"collection":[{"href":"https:\/\/blitzconquista.com.br\/index.php?rest_route=\/wp\/v2\/posts"}],"about":[{"href":"https:\/\/blitzconquista.com.br\/index.php?rest_route=\/wp\/v2\/types\/post"}],"author":[{"embeddable":true,"href":"https:\/\/blitzconquista.com.br\/index.php?rest_route=\/wp\/v2\/users\/1"}],"replies":[{"embeddable":true,"href":"https:\/\/blitzconquista.com.br\/index.php?rest_route=%2Fwp%2Fv2%2Fcomments&post=118017"}],"version-history":[{"count":1,"href":"https:\/\/blitzconquista.com.br\/index.php?rest_route=\/wp\/v2\/posts\/118017\/revisions"}],"predecessor-version":[{"id":118020,"href":"https:\/\/blitzconquista.com.br\/index.php?rest_route=\/wp\/v2\/posts\/118017\/revisions\/118020"}],"wp:featuredmedia":[{"embeddable":true,"href":"https:\/\/blitzconquista.com.br\/index.php?rest_route=\/wp\/v2\/media\/115949"}],"wp:attachment":[{"href":"https:\/\/blitzconquista.com.br\/index.php?rest_route=%2Fwp%2Fv2%2Fmedia&parent=118017"}],"wp:term":[{"taxonomy":"category","embeddable":true,"href":"https:\/\/blitzconquista.com.br\/index.php?rest_route=%2Fwp%2Fv2%2Fcategories&post=118017"},{"taxonomy":"post_tag","embeddable":true,"href":"https:\/\/blitzconquista.com.br\/index.php?rest_route=%2Fwp%2Fv2%2Ftags&post=118017"}],"curies":[{"name":"wp","href":"https:\/\/api.w.org\/{rel}","templated":true}]}}