{"id":118021,"date":"2022-07-21T09:08:57","date_gmt":"2022-07-21T12:08:57","guid":{"rendered":"http:\/\/blitzconquista.com.br\/?p=118021"},"modified":"2022-07-21T09:08:57","modified_gmt":"2022-07-21T12:08:57","slug":"ministerio-da-cidadania-prorroga-prazos-para-a-atualizacao-do-cadastro-unico","status":"publish","type":"post","link":"https:\/\/blitzconquista.com.br\/?p=118021","title":{"rendered":"Minist\u00e9rio da Cidadania prorroga prazos para a atualiza\u00e7\u00e3o do Cadastro \u00danico"},"content":{"rendered":"<h3 class=\"notices-list__blog-card__summary\" style=\"text-align: center;\">Os prazos que seriam at\u00e9 os dias 10 e 15 de junho, agora ser\u00e3o at\u00e9 os dias 12 e 14 de outubro<\/h3>\n<figure id=\"attachment_118024\" aria-describedby=\"caption-attachment-118024\" style=\"width: 500px\" class=\"wp-caption aligncenter\"><img decoding=\"async\" loading=\"lazy\" class=\"wp-image-118024 size-full\" src=\"http:\/\/blitzconquista.com.br\/wp-content\/uploads\/2022\/07\/Atualize-o-CadUnico.png\" alt=\"\" width=\"500\" height=\"320\" srcset=\"https:\/\/blitzconquista.com.br\/wp-content\/uploads\/2022\/07\/Atualize-o-CadUnico.png 500w, https:\/\/blitzconquista.com.br\/wp-content\/uploads\/2022\/07\/Atualize-o-CadUnico-300x192.png 300w\" sizes=\"(max-width: 500px) 100vw, 500px\" \/><figcaption id=\"caption-attachment-118024\" class=\"wp-caption-text\">Imagem: Divulga\u00e7\u00e3o<\/figcaption><\/figure>\n<div id=\"js-text-clipboard\" class=\"notice-content__show js-notice-expand js-permit-copy fix-height\">\n<p>Os prazos para a averigua\u00e7\u00e3o e revis\u00e3o dos dados das fam\u00edlias inscritas no Cadastro \u00danico foram prorrogados. No \u00faltimo dia 14 de julho, o Minist\u00e9rio da Cidadania publicou a <a href=\"https:\/\/www.gov.br\/cidadania\/pt-br\/acesso-a-informacao\/legislacao\/instrucao-normativa-da-averiguacao-e-revisao-cadastral-2022\">Instru\u00e7\u00e3o Normativa n\u00ba 3<\/a>, onde consta a altera\u00e7\u00e3o no calend\u00e1rio no <a href=\"https:\/\/www.gov.br\/cidadania\/pt-br\/acesso-a-informacao\/legislacao\/instrucao-normativa-da-averiguacao-e-revisao-cadastral-2022\/ReedioANEXOS_InstrucaoNormativaConjunta_SE_SECAD_SEDS_SENARC_MC_13JUL22.pdf\">Anexo 1<\/a>.<\/p>\n<p>As fam\u00edlias que est\u00e3o no processo de Revis\u00e3o Cadastral, antes teriam at\u00e9 o dia 15 de julho para realizar a atualiza\u00e7\u00e3o dos dados. Agora, a data limite para a altera\u00e7\u00e3o \u00e9 at\u00e9 o dia 14 de outubro. J\u00e1 as fam\u00edlias que est\u00e3o em Averigua\u00e7\u00e3o Social ou foram convocadas pelo processo de Focaliza\u00e7\u00e3o do Auxilio Brasil, teriam at\u00e9 o dia 10 de julho para atualizar o cadastro. O novo prazo vai at\u00e9 o dia 12 de outubro.<\/p>\n<p>A Focaliza\u00e7\u00e3o do Auxilio Brasil verifica os dados cadastrais das fam\u00edlias benefici\u00e1rias do programa que devem apresentar renda acima da linha de emancipa\u00e7\u00e3o (R$ 525,00) e abaixo de meio sal\u00e1rio-m\u00ednimo (R$ 606,00) por pessoa. O processo permite que o programa possa dar mais aten\u00e7\u00e3o e atendimento \u00e0s fam\u00edlias com o perfil permitido pela legisla\u00e7\u00e3o para participarem do programa.<\/p>\n<h2>Revis\u00e3o Cadastral<\/h2>\n<p>A Revis\u00e3o Cadastral tem como objetivo garantir a atualiza\u00e7\u00e3o dos dados fornecidos pelas fam\u00edlias atendidas pelo Cadastro \u00danico, que est\u00e3o desatualizados. S\u00e3o informa\u00e7\u00f5es que est\u00e3o h\u00e1 mais de dois anos sem serem atualizadas.<\/p>\n<h2>Averigua\u00e7\u00e3o Social<\/h2>\n<p>A Averigua\u00e7\u00e3o Social \u00e9 o processo de verifica\u00e7\u00e3o do material registrado no Cadastro \u00danico, atrav\u00e9s do cruzamento das informa\u00e7\u00f5es declaradas pelas fam\u00edlias com outros registros administrativos federais. A averigua\u00e7\u00e3o busca identificar poss\u00edveis inconsist\u00eancias nos dados disponibilizados pelas fam\u00edlias, inclusive se a renda de cada integrante da casa est\u00e1 correta.<\/p>\n<h2>Cadastro \u00danico<\/h2>\n<p>O Cadastro \u00danico \u00e9 uma base de informa\u00e7\u00f5es que permite ao governo saber quem s\u00e3o e como vivem as fam\u00edlias de baixa renda no Brasil. Segundo o governo federal, as fam\u00edlias que podem se inscrever precisam ter:<\/p>\n<ul>\n<li>Renda mensal de at\u00e9 meio sal\u00e1rio m\u00ednimo por pessoa (R$ 606,00); ou<\/li>\n<li>Renda mensal familiar total de at\u00e9 tr\u00eas sal\u00e1rios m\u00ednimos (R$ 3.636,00); ou<\/li>\n<li>Renda maior que tr\u00eas sal\u00e1rios m\u00ednimos, desde que o cadastramento esteja vinculado \u00e0 inclus\u00e3o em programas sociais nas tr\u00eas esferas do governo.<\/li>\n<\/ul>\n<h2>Programas que fazem parte do Cadastro \u00danico<\/h2>\n<ul>\n<li>Programa Aux\u00edlio Brasil;<\/li>\n<li>Programa Tarifa Social de Energia El\u00e9trica;<\/li>\n<li>Isen\u00e7\u00e3o de Taxas em Concursos P\u00fablicos;<\/li>\n<li>ID Jovem;<\/li>\n<li>Carteira do Idoso;<\/li>\n<li>Programa Casa Verde e Amarela;<\/li>\n<li>Programa Bolsa Verde.<\/li>\n<\/ul>\n<h2>Como realizar o cadastro<\/h2>\n<p>Primeiramente, o interessado precisa realizar o pr\u00e9-cadastro pelo Aplicativo do Cadastro \u00danico ou na <a href=\"https:\/\/cadunico.dataprev.gov.br\/#\/\">vers\u00e3o Web<\/a>. Ap\u00f3s a inser\u00e7\u00e3o dos dados, ser\u00e1 necess\u00e1rio comparecer a um posto de atendimento do Cadastro \u00danico na cidade do solicitante no prazo de 120 dias para levar os documentos de identifica\u00e7\u00e3o das pessoas da fam\u00edlia e complementar outros dados que s\u00e3o essenciais.<\/p>\n<p>No dia do comparecimento ao posto de atendimento, n\u00e3o \u00e9 necess\u00e1rio que todos os integrantes da fam\u00edlia compare\u00e7am, basta ser maior de 16 anos e, preferencialmente, ser mulher. A pessoa que realizar o cadastro ficar\u00e1 como Respons\u00e1vel pela Unidade Familiar (RF) no Cadastro \u00danico. O RF dever\u00e1 comparecer levando apenas o CPF ou o T\u00edtulo de Eleitor.<\/p>\n<p>Para o economista Renan Gomes, os benef\u00edcios que as fam\u00edlias podem conseguir a partir do Cadastro \u00danico s\u00e3o fundamentais, pois significam um complemento importante dos recursos e melhora a possibilidade do acesso da crian\u00e7a a uma escola.<\/p>\n<p>\u201cEstamos falando de fam\u00edlias com pessoas desempregadas ou em subempregos ganhando muito abaixo do necess\u00e1rio para conseguir pagar as contas. Tamb\u00e9m h\u00e1 evid\u00eancias de que esse aux\u00edlio gera mais possibilidades das crian\u00e7as frequentarem escolas e inclusive melhora a qualidade da nutri\u00e7\u00e3o dessas fam\u00edlias.\u201d<\/p>\n<p>\u00c9 importante ressaltar que a atualiza\u00e7\u00e3o do cadastro deve ser feita a cada dois anos ou sempre que houver alguma altera\u00e7\u00e3o como:<\/p>\n<ul>\n<li>\u00d3bito ou nascimento de algu\u00e9m da fam\u00edlia;<\/li>\n<li>Mudan\u00e7a de endere\u00e7o;<\/li>\n<li>Mudan\u00e7a de cidade;<\/li>\n<li>Algu\u00e9m foi morar em outro lugar;<\/li>\n<li>Aumento ou queda no sal\u00e1rio de algum dos integrantes da fam\u00edlia;<\/li>\n<li>Entrada ou mudan\u00e7a das crian\u00e7as de escola.<\/li>\n<\/ul>\n<p>Para mais informa\u00e7\u00f5es, \u00e9 poss\u00edvel acessar o site da Ouvidoria do Minist\u00e9rio da Cidadania ou ligar no telefone 121 da Central de Relacionamento do <a href=\"https:\/\/www.gov.br\/cidadania\/acl_users\/credentials_cookie_auth\/require_login?came_from=https%3A\/\/www.gov.br\/cidadania\/pt-br\/acesso-a-informacao\/participacao-social\/fale-conosco\/ouvidoria-1\">Minist\u00e9rio da Cidadania<\/a>.<\/p>\n<\/div>\n","protected":false},"excerpt":{"rendered":"<p>Os prazos que seriam at\u00e9 os dias 10 e 15 de junho, agora ser\u00e3o at\u00e9 os dias 12 e 14 de outubro Os prazos para a averigua\u00e7\u00e3o e revis\u00e3o dos dados das fam\u00edlias inscritas no Cadastro \u00danico foram prorrogados. No \u00faltimo dia 14 de julho, o Minist\u00e9rio da Cidadania publicou a Instru\u00e7\u00e3o Normativa n\u00ba 3, [&hellip;]<\/p>\n","protected":false},"author":1,"featured_media":118024,"comment_status":"closed","ping_status":"closed","sticky":false,"template":"","format":"standard","meta":[],"categories":[478],"tags":[],"_links":{"self":[{"href":"https:\/\/blitzconquista.com.br\/index.php?rest_route=\/wp\/v2\/posts\/118021"}],"collection":[{"href":"https:\/\/blitzconquista.com.br\/index.php?rest_route=\/wp\/v2\/posts"}],"about":[{"href":"https:\/\/blitzconquista.com.br\/index.php?rest_route=\/wp\/v2\/types\/post"}],"author":[{"embeddable":true,"href":"https:\/\/blitzconquista.com.br\/index.php?rest_route=\/wp\/v2\/users\/1"}],"replies":[{"embeddable":true,"href":"https:\/\/blitzconquista.com.br\/index.php?rest_route=%2Fwp%2Fv2%2Fcomments&post=118021"}],"version-history":[{"count":1,"href":"https:\/\/blitzconquista.com.br\/index.php?rest_route=\/wp\/v2\/posts\/118021\/revisions"}],"predecessor-version":[{"id":118025,"href":"https:\/\/blitzconquista.com.br\/index.php?rest_route=\/wp\/v2\/posts\/118021\/revisions\/118025"}],"wp:featuredmedia":[{"embeddable":true,"href":"https:\/\/blitzconquista.com.br\/index.php?rest_route=\/wp\/v2\/media\/118024"}],"wp:attachment":[{"href":"https:\/\/blitzconquista.com.br\/index.php?rest_route=%2Fwp%2Fv2%2Fmedia&parent=118021"}],"wp:term":[{"taxonomy":"category","embeddable":true,"href":"https:\/\/blitzconquista.com.br\/index.php?rest_route=%2Fwp%2Fv2%2Fcategories&post=118021"},{"taxonomy":"post_tag","embeddable":true,"href":"https:\/\/blitzconquista.com.br\/index.php?rest_route=%2Fwp%2Fv2%2Ftags&post=118021"}],"curies":[{"name":"wp","href":"https:\/\/api.w.org\/{rel}","templated":true}]}}