{"id":118177,"date":"2022-07-25T18:10:50","date_gmt":"2022-07-25T21:10:50","guid":{"rendered":"http:\/\/blitzconquista.com.br\/?p=118177"},"modified":"2022-07-25T18:10:50","modified_gmt":"2022-07-25T21:10:50","slug":"universidade-federal-independente-por-ze-maria-caires","status":"publish","type":"post","link":"https:\/\/blitzconquista.com.br\/?p=118177","title":{"rendered":"UNIVERSIDADE FEDERAL INDEPENDENTE; Por Z\u00e9 Maria Caires"},"content":{"rendered":"<div class=\"noticia_imagem\"><img decoding=\"async\" loading=\"lazy\" class=\"aligncenter size-full wp-image-104232\" src=\"http:\/\/blitzconquista.com.br\/wp-content\/uploads\/2021\/07\/jose-maria-caires.jpg\" alt=\"\" width=\"500\" height=\"332\" srcset=\"https:\/\/blitzconquista.com.br\/wp-content\/uploads\/2021\/07\/jose-maria-caires.jpg 500w, https:\/\/blitzconquista.com.br\/wp-content\/uploads\/2021\/07\/jose-maria-caires-300x200.jpg 300w, https:\/\/blitzconquista.com.br\/wp-content\/uploads\/2021\/07\/jose-maria-caires-414x276.jpg 414w, https:\/\/blitzconquista.com.br\/wp-content\/uploads\/2021\/07\/jose-maria-caires-470x313.jpg 470w, https:\/\/blitzconquista.com.br\/wp-content\/uploads\/2021\/07\/jose-maria-caires-130x86.jpg 130w, https:\/\/blitzconquista.com.br\/wp-content\/uploads\/2021\/07\/jose-maria-caires-187x124.jpg 187w\" sizes=\"(max-width: 500px) 100vw, 500px\" \/><\/div>\n<div class=\"post-content\">\n<p>\u00c9 preciso considerar o Instituto Multidisciplinar em Sa\u00fade (IMS) \u2013 Campus An\u00edsio Teixeira, em Vit\u00f3ria da Conquista, ainda que dependente da Universidade Federal da Bahia, uma organiza\u00e7\u00e3o que sempre teve e continua tendo potencial para ter vida pr\u00f3pria e conquistar sua independ\u00eancia da UFBA de Salvador para a nossa gest\u00e3o.<\/p>\n<p>N\u00e3o demorou muito para que a sociedade percebesse e buscasse formas de conquistar a sua emancipa\u00e7\u00e3o. Eu acompanho e vejo que nossos representantes pol\u00edticos se movimentaram nessa dire\u00e7\u00e3o, foram desenvolvidas a\u00e7\u00f5es concretas na gest\u00e3o do ent\u00e3o diretor DOUTOR ORLANDO CAIRES,<br \/>\nque chegamos por alguns momentos vislumbrar o desmembramento, mas derrepente veio a desilus\u00e3o.<\/p>\n<p>\u00c9 claro que a burocracia em um processo como esse \u00e9 natural, mas t\u00ednhamos todos os recursos ao nosso favor, a reitoria da Universidade Federal da Bahia e deputados e prefeitos alinhados para o mesmo objetivo. O que faltou foi for\u00e7a para superar.<\/p>\n<p>Em outras situa\u00e7\u00f5es, como em Pernambuco, por exemplo, o ent\u00e3o ministro Mendon\u00e7a Filho, se inspirou no nosso modelo de desmembramento e criou em Garanhuns, a Universidade do Agreste Pernambucano, por\u00e9m, n\u00e3o precisamos ir muito longe, aqui mesmo na Bahia foram criadas:<\/p>\n<p>Em Barreiras \u2013 Universidade Federal do Oeste da Bahia (UFOB);<\/p>\n<p>Em Cruz das Almas \u2013 Universidade Federal do Rec\u00f4ncavo da Bahia (UFRB);<\/p>\n<p>Em Teixeira de Freitas \u2013 Universidade Federal do Sul da Bahia (UFSB);<\/p>\n<p>Em Senhor do Bonfim \u2013 Universidade Federal do Vale do S\u00e3o Francisco (UINVASF);<\/p>\n<p>Quais as vantagens do desmembramento do Instituto Multidisciplinar de Sa\u00fade de Vit\u00f3ria da Conquista e da sua emancipa\u00e7\u00e3o da UFBA?<\/p>\n<p>Autonomia administrativa, cria\u00e7\u00e3o de novos campus em Brumado, Jequi\u00e9, Guanambi dentre outros Munic\u00edpios, como exemplo da import\u00e2ncia citarei a UFRB sediada em Cruz das Almas que criou os campis em Feira de Santana, Amargosa, Cachoeira, Santo Amaro e Santo Ant\u00f4nio de Jesus.<br \/>\nO mais importante de todos ser\u00e3o as pesquisas, a cria\u00e7\u00e3o de novos cursos, oportunizando as voca\u00e7\u00f5es regional e dando condicoes aos jovens, sobretudo os de fam\u00edlias que n\u00e3o podem pagar as faculdades particulares.<\/p>\n<p>O SUDOESTE PODE VOAR MAIS ALTO.<\/p>\n<p>Jos\u00e9 Maria Caires<\/p>\n<\/div>\n","protected":false},"excerpt":{"rendered":"<p>\u00c9 preciso considerar o Instituto Multidisciplinar em Sa\u00fade (IMS) \u2013 Campus An\u00edsio Teixeira, em Vit\u00f3ria da Conquista, ainda que dependente da Universidade Federal da Bahia, uma organiza\u00e7\u00e3o que sempre teve e continua tendo potencial para ter vida pr\u00f3pria e conquistar sua independ\u00eancia da UFBA de Salvador para a nossa gest\u00e3o. N\u00e3o demorou muito para que [&hellip;]<\/p>\n","protected":false},"author":1,"featured_media":104232,"comment_status":"closed","ping_status":"closed","sticky":false,"template":"","format":"standard","meta":[],"categories":[28],"tags":[],"_links":{"self":[{"href":"https:\/\/blitzconquista.com.br\/index.php?rest_route=\/wp\/v2\/posts\/118177"}],"collection":[{"href":"https:\/\/blitzconquista.com.br\/index.php?rest_route=\/wp\/v2\/posts"}],"about":[{"href":"https:\/\/blitzconquista.com.br\/index.php?rest_route=\/wp\/v2\/types\/post"}],"author":[{"embeddable":true,"href":"https:\/\/blitzconquista.com.br\/index.php?rest_route=\/wp\/v2\/users\/1"}],"replies":[{"embeddable":true,"href":"https:\/\/blitzconquista.com.br\/index.php?rest_route=%2Fwp%2Fv2%2Fcomments&post=118177"}],"version-history":[{"count":1,"href":"https:\/\/blitzconquista.com.br\/index.php?rest_route=\/wp\/v2\/posts\/118177\/revisions"}],"predecessor-version":[{"id":118179,"href":"https:\/\/blitzconquista.com.br\/index.php?rest_route=\/wp\/v2\/posts\/118177\/revisions\/118179"}],"wp:featuredmedia":[{"embeddable":true,"href":"https:\/\/blitzconquista.com.br\/index.php?rest_route=\/wp\/v2\/media\/104232"}],"wp:attachment":[{"href":"https:\/\/blitzconquista.com.br\/index.php?rest_route=%2Fwp%2Fv2%2Fmedia&parent=118177"}],"wp:term":[{"taxonomy":"category","embeddable":true,"href":"https:\/\/blitzconquista.com.br\/index.php?rest_route=%2Fwp%2Fv2%2Fcategories&post=118177"},{"taxonomy":"post_tag","embeddable":true,"href":"https:\/\/blitzconquista.com.br\/index.php?rest_route=%2Fwp%2Fv2%2Ftags&post=118177"}],"curies":[{"name":"wp","href":"https:\/\/api.w.org\/{rel}","templated":true}]}}