{"id":118358,"date":"2022-08-04T16:59:03","date_gmt":"2022-08-04T19:59:03","guid":{"rendered":"http:\/\/blitzconquista.com.br\/?p=118358"},"modified":"2022-08-04T17:00:35","modified_gmt":"2022-08-04T20:00:35","slug":"durante-acoes-da-operacao-bom-jesus-da-lapa-prf-prende-quadrilha-especializada-em-assalto-a-veiculos-de-carga","status":"publish","type":"post","link":"https:\/\/blitzconquista.com.br\/?p=118358","title":{"rendered":"Durante a\u00e7\u00f5es da Opera\u00e7\u00e3o Bom Jesus da Lapa, PRF prende quadrilha especializada em assalto a ve\u00edculos de carga"},"content":{"rendered":"\n<h1><\/h1>\n\n\n\n<p class=\"has-text-align-center\"><strong>Na a\u00e7\u00e3o tamb\u00e9m foram apreendidos mais de R$ 5 mil, al\u00e9m de um macaco hidr\u00e1ulico e ferramentas utilizadas para a pr\u00e1tica dos crimes.<\/strong><\/p>\n\n\n\n<p class=\"has-text-align-center\"><img decoding=\"async\" loading=\"lazy\" width=\"768\" height=\"432\" src=\"https:\/\/www.gov.br\/prf\/pt-br\/noticias\/estaduais\/bahia\/2022\/agosto\/durante-acoes-da-operacao-bom-jesus-da-lapa-prf-prende-quadrilha-especializada-em-assalto-a-veiculos-de-carga\/a12.jpeg\/@@images\/f4770f54-33fe-4169-bcdc-8ac53d6ad6cb.jpeg\" alt=\"Na a\u00e7\u00e3o tamb\u00e9m foram apreendidos mais de R$ 5 mil, al\u00e9m de um macaco hidr\u00e1ulico e ferramentas utilizadas para a pr\u00e1tica dos crimes.\"><\/p>\n\n\n\n<p>Na a\u00e7\u00e3o tamb\u00e9m foram apreendidos mais de R$ 5 mil, al\u00e9m de um macaco hidr\u00e1ulico e ferramentas utilizadas para a pr\u00e1tica dos crimes.<\/p>\n\n\n\n<p>Cinco homens foram presos na madrugada desta quarta-feira (03) por uma equipe da PRF em trecho da BR 349, em Bom Jesus da Lapa. Eles foram apontados como respons\u00e1veis por um assalto a um caminh\u00e3o, ocorrido horas antes na zona rural de Muqu\u00e9m do S\u00e3o Francisco.<\/p>\n\n\n\n<p>Tudo come\u00e7ou ap\u00f3s a equipe ser acionada para averiguar a situa\u00e7\u00e3o de dois ve\u00edculos suspeitos que haviam sa\u00eddo de uma vicinal.<\/p>\n\n\n\n<p>Os policiais intensificaram a vigil\u00e2ncia e iniciaram buscas pela regi\u00e3o, oportunidade em que na altura do quil\u00f4metro 755 da BR 349, avistaram o caminh\u00e3o azul e um Corolla branco com as mesmas caracter\u00edsticas da den\u00fancia.<\/p>\n\n\n\n<p>A equipe conseguiu interceptar os ve\u00edculos e realizar os procedimentos de abordagem e fiscaliza\u00e7\u00e3o. O Corolla era ocupado por tr\u00eas homens. J\u00e1 o caminh\u00e3o, al\u00e9m do motorista o ve\u00edculo era ocupado pelo carona.<\/p>\n\n\n\n<p>Em continuidade \u00e0s investiga\u00e7\u00f5es orientadas por intelig\u00eancia e ap\u00f3s analisarem um Boletim de Ocorr\u00eancia registrado em Muqu\u00e9m do S\u00e3o Francisco, os policiais descobriram que os homens foram apontados como respons\u00e1veis a um assalto ocorrido no dia anterior (02\/08).<\/p>\n\n\n\n<p>No Boletim, o motorista relatou que estava descansando na localidade conhecida por JAVI quando foi surpreendido pelos assaltantes. Ele contou que foi feito ref\u00e9m e levado para uma estrada vicinal., onde foi mantido amarrado na cabine do caminh\u00e3o. Ele disse tamb\u00e9m que a inten\u00e7\u00e3o dos assaltantes era levarem o conjunto de rodas e pneus.<\/p>\n\n\n\n<p>Na a\u00e7\u00e3o tamb\u00e9m foram apreendidos mais de R$ 5 mil, al\u00e9m de um macaco hidr\u00e1ulico e ferramentas utilizadas para a pr\u00e1tica dos crimes.<\/p>\n\n\n\n<p>Diante do ocorrido, os homens foram presos e \u00e0 ocorr\u00eancia foi encaminhada \u00e0 Delegacia de Pol\u00edcia Civil, para registro do flagrante e demais procedimentos de investiga\u00e7\u00e3o policial.<\/p>\n\n\n\n<p>A PRF conta com grupos especializados de combate ao crime e intensificou \u00e0s a\u00e7\u00f5es nos principais pontos considerados cr\u00edticos para evitar assaltos, porte ilegal de arma, contrabando, recepta\u00e7\u00e3o de ve\u00edculo roubado, tr\u00e1fico de entorpecentes e demais il\u00edcitos penais.<\/p>\n\n\n\n<figure class=\"wp-block-image\"><img decoding=\"async\" src=\"https:\/\/www.gov.br\/prf\/pt-br\/noticias\/estaduais\/bahia\/2022\/agosto\/a11.jpeg\" alt=\"\"\/><\/figure>\n","protected":false},"excerpt":{"rendered":"<p>Na a\u00e7\u00e3o tamb\u00e9m foram apreendidos mais de R$ 5 mil, al\u00e9m de um macaco hidr\u00e1ulico e ferramentas utilizadas para a pr\u00e1tica dos crimes. Na a\u00e7\u00e3o tamb\u00e9m foram apreendidos mais de R$ 5 mil, al\u00e9m de um macaco hidr\u00e1ulico e ferramentas utilizadas para a pr\u00e1tica dos crimes. Cinco homens foram presos na madrugada desta quarta-feira (03) [&hellip;]<\/p>\n","protected":false},"author":1,"featured_media":118359,"comment_status":"closed","ping_status":"closed","sticky":false,"template":"","format":"standard","meta":[],"categories":[3],"tags":[],"_links":{"self":[{"href":"https:\/\/blitzconquista.com.br\/index.php?rest_route=\/wp\/v2\/posts\/118358"}],"collection":[{"href":"https:\/\/blitzconquista.com.br\/index.php?rest_route=\/wp\/v2\/posts"}],"about":[{"href":"https:\/\/blitzconquista.com.br\/index.php?rest_route=\/wp\/v2\/types\/post"}],"author":[{"embeddable":true,"href":"https:\/\/blitzconquista.com.br\/index.php?rest_route=\/wp\/v2\/users\/1"}],"replies":[{"embeddable":true,"href":"https:\/\/blitzconquista.com.br\/index.php?rest_route=%2Fwp%2Fv2%2Fcomments&post=118358"}],"version-history":[{"count":2,"href":"https:\/\/blitzconquista.com.br\/index.php?rest_route=\/wp\/v2\/posts\/118358\/revisions"}],"predecessor-version":[{"id":118361,"href":"https:\/\/blitzconquista.com.br\/index.php?rest_route=\/wp\/v2\/posts\/118358\/revisions\/118361"}],"wp:featuredmedia":[{"embeddable":true,"href":"https:\/\/blitzconquista.com.br\/index.php?rest_route=\/wp\/v2\/media\/118359"}],"wp:attachment":[{"href":"https:\/\/blitzconquista.com.br\/index.php?rest_route=%2Fwp%2Fv2%2Fmedia&parent=118358"}],"wp:term":[{"taxonomy":"category","embeddable":true,"href":"https:\/\/blitzconquista.com.br\/index.php?rest_route=%2Fwp%2Fv2%2Fcategories&post=118358"},{"taxonomy":"post_tag","embeddable":true,"href":"https:\/\/blitzconquista.com.br\/index.php?rest_route=%2Fwp%2Fv2%2Ftags&post=118358"}],"curies":[{"name":"wp","href":"https:\/\/api.w.org\/{rel}","templated":true}]}}