{"id":118362,"date":"2022-08-04T17:03:33","date_gmt":"2022-08-04T20:03:33","guid":{"rendered":"http:\/\/blitzconquista.com.br\/?p=118362"},"modified":"2022-08-04T17:03:34","modified_gmt":"2022-08-04T20:03:34","slug":"homem-e-preso-pela-prf-com-mandado-de-prisao-em-aberto-por-roubo","status":"publish","type":"post","link":"https:\/\/blitzconquista.com.br\/?p=118362","title":{"rendered":"Homem \u00e9 preso pela PRF com mandado de pris\u00e3o em aberto por roubo"},"content":{"rendered":"\n<p><\/p>\n\n\n\n<h1><\/h1>\n\n\n\n<p>A a\u00e7\u00e3o ocorreu na BR 116, em trecho do munic\u00edpio de Vit\u00f3ria da Conquista (BA), que tem como foco combater o crime, por meio do policiamento preventivo e repressivo em diversas frentes de trabalho, a fim de resguardar a seguran\u00e7a dos usu\u00e1rios nas rodovias federais. Compartilhe:<\/p>\n\n\n\n<p><\/p>\n\n\n\n<p class=\"has-text-align-center\"><img decoding=\"async\" loading=\"lazy\" width=\"768\" height=\"432\" src=\"https:\/\/www.gov.br\/prf\/pt-br\/noticias\/estaduais\/bahia\/2022\/agosto\/homem-e-preso-pela-prf-com-mandado-de-prisao-em-aberto-por-roubo\/mandado-prisao.jpeg\/@@images\/2d54569d-2e1b-47c1-bfcd-6142d5defcea.jpeg\" alt=\"A a\u00e7\u00e3o ocorreu na BR 116, em trecho do munic\u00edpio de Vit\u00f3ria da Conquista (BA), que tem como foco combater o crime, por meio do policiamento preventivo e repressivo em diversas frentes de trabalho, a fim de resguardar a seguran\u00e7a dos usu\u00e1rios nas rodovias federais.\"><\/p>\n\n\n\n<p>A a\u00e7\u00e3o ocorreu na BR 116, em trecho do munic\u00edpio de Vit\u00f3ria da Conquista (BA), que tem como foco combater o crime, por meio do policiamento preventivo e repressivo em diversas frentes de trabalho, a fim de resguardar a seguran\u00e7a dos usu\u00e1rios nas rodovias federais.<\/p>\n\n\n\n<p>A Pol\u00edcia Rodovi\u00e1ria Federal (PRF) prendeu na tarde desta ter\u00e7a-feira (02), um foragido da justi\u00e7a que possu\u00eda mandado de pris\u00e3o em aberto pelo cometimento do crime de roubo praticado no estado do Mato Grosso do Sul.<\/p>\n\n\n\n<p>Equipe fiscalizava em frente ao posto da PRF (Km 116 da BR 830), em Vit\u00f3ria da Conquista (BA), quando abordou um ve\u00edculo FORD\/Focus, com 02 ocupantes.<\/p>\n\n\n\n<p>Foram solicitados os documentos do ve\u00edculo, do motorista e do carona. A equipe percebeu que o passageiro apresentava um certo desconforto com a a\u00e7\u00e3o policial e estava nervoso e tr\u00eamulo. Ele n\u00e3o entregou nenhum documento de identifica\u00e7\u00e3o pessoal.<\/p>\n\n\n\n<p>Ap\u00f3s alguns minutos de conversa e em consulta aos sistemas policiais utilizados pela PRF, foi constatado que o passageiro, um homem de 42 anos, possu\u00eda em seu desfavor um mandado de pris\u00e3o em aberto decorrente de processo pelo crime de roubo, delito previsto no art. 157 do C\u00f3digo Penal Brasileiro.<\/p>\n\n\n\n<p>O mandado de pris\u00e3o foi expedido pela Vara de Execu\u00e7\u00e3o Penal do Interior do Tribunal de Justi\u00e7a do Estado do Mato Grosso do Sul e tem validade at\u00e9 14\/06\/2034.<\/p>\n\n\n\n<p>Diante dos fatos, foi dada voz de pris\u00e3o ao passageiro, sendo este encaminhado \u00e0 autoridade competente para a Delegacia de Pol\u00edcia Judici\u00e1ria, para as provid\u00eancias cab\u00edveis.<\/p>\n","protected":false},"excerpt":{"rendered":"<p>A a\u00e7\u00e3o ocorreu na BR 116, em trecho do munic\u00edpio de Vit\u00f3ria da Conquista (BA), que tem como foco combater o crime, por meio do policiamento preventivo e repressivo em diversas frentes de trabalho, a fim de resguardar a seguran\u00e7a dos usu\u00e1rios nas rodovias federais. Compartilhe: A a\u00e7\u00e3o ocorreu na BR 116, em trecho do [&hellip;]<\/p>\n","protected":false},"author":1,"featured_media":118363,"comment_status":"closed","ping_status":"closed","sticky":false,"template":"","format":"standard","meta":[],"categories":[3],"tags":[],"_links":{"self":[{"href":"https:\/\/blitzconquista.com.br\/index.php?rest_route=\/wp\/v2\/posts\/118362"}],"collection":[{"href":"https:\/\/blitzconquista.com.br\/index.php?rest_route=\/wp\/v2\/posts"}],"about":[{"href":"https:\/\/blitzconquista.com.br\/index.php?rest_route=\/wp\/v2\/types\/post"}],"author":[{"embeddable":true,"href":"https:\/\/blitzconquista.com.br\/index.php?rest_route=\/wp\/v2\/users\/1"}],"replies":[{"embeddable":true,"href":"https:\/\/blitzconquista.com.br\/index.php?rest_route=%2Fwp%2Fv2%2Fcomments&post=118362"}],"version-history":[{"count":1,"href":"https:\/\/blitzconquista.com.br\/index.php?rest_route=\/wp\/v2\/posts\/118362\/revisions"}],"predecessor-version":[{"id":118364,"href":"https:\/\/blitzconquista.com.br\/index.php?rest_route=\/wp\/v2\/posts\/118362\/revisions\/118364"}],"wp:featuredmedia":[{"embeddable":true,"href":"https:\/\/blitzconquista.com.br\/index.php?rest_route=\/wp\/v2\/media\/118363"}],"wp:attachment":[{"href":"https:\/\/blitzconquista.com.br\/index.php?rest_route=%2Fwp%2Fv2%2Fmedia&parent=118362"}],"wp:term":[{"taxonomy":"category","embeddable":true,"href":"https:\/\/blitzconquista.com.br\/index.php?rest_route=%2Fwp%2Fv2%2Fcategories&post=118362"},{"taxonomy":"post_tag","embeddable":true,"href":"https:\/\/blitzconquista.com.br\/index.php?rest_route=%2Fwp%2Fv2%2Ftags&post=118362"}],"curies":[{"name":"wp","href":"https:\/\/api.w.org\/{rel}","templated":true}]}}