{"id":118368,"date":"2022-08-04T17:10:55","date_gmt":"2022-08-04T20:10:55","guid":{"rendered":"http:\/\/blitzconquista.com.br\/?p=118368"},"modified":"2022-08-04T17:23:03","modified_gmt":"2022-08-04T20:23:03","slug":"operacao-graft-prf-ministerio-publico-e-policia-civil-cumprem-10-mandados-de-prisao-preventiva-e-22-de-busca-e-apreensao","status":"publish","type":"post","link":"https:\/\/blitzconquista.com.br\/?p=118368","title":{"rendered":"Opera\u00e7\u00e3o \u201cGraft\u201d: PRF, Minist\u00e9rio P\u00fablico e Pol\u00edcia Civil cumprem 10 mandados de pris\u00e3o preventiva e 22 de busca e apreens\u00e3o"},"content":{"rendered":"\n<p class=\"has-text-align-center\"><strong><mark style=\"background-color:rgba(0, 0, 0, 0)\" class=\"has-inline-color has-black-color\">A exitosa a\u00e7\u00e3o contou com a integra\u00e7\u00e3o colaborativa dos \u00f3rg\u00e3os e teve o objetivo de apurar crimes fraudulentos com atua\u00e7\u00e3o dentro da Prefeitura de Euclides da Cunha.<\/mark><\/strong><\/p>\n\n\n<div class=\"wp-block-image\">\n<figure class=\"aligncenter\"><img decoding=\"async\" src=\"https:\/\/www.gov.br\/prf\/pt-br\/noticias\/estaduais\/bahia\/2022\/agosto\/operacao-201cgraft201d-prf-ministerio-publico-e-policia-civil-cumprem-10-mandados-de-prisao-preventiva-e-22-de-busca-e-apreensao\/whatsapp-image-2022-08-04-at-07-13-15.jpeg\/@@images\/8f19d495-3fe2-4a5e-90e8-bc9e080898b8.jpeg\" alt=\"WhatsApp Image 2022-08-04 at 07.13.15.jpeg\"\/><\/figure><\/div>\n\n\n<p>Na manh\u00e3 desta quinta-feira (04), a Pol\u00edcia Rodovi\u00e1ria Federal (PRF) em conjunto com o Minist\u00e9rio P\u00fablico estadual, Grupo de Atua\u00e7\u00e3o Especial de Combate \u00e0s Organiza\u00e7\u00f5es Criminosas -GAECO e Pol\u00edcia Civil atrav\u00e9s da Delegacia de Repress\u00e3o \u00e0s A\u00e7\u00f5es Criminosas Organizadas e Inqu\u00e9ritos Especiais -DRACO, participaram da Opera\u00e7\u00e3o Graft. O esfor\u00e7o foi deflagrado atrav\u00e9s do Minist\u00e9rio P\u00fablico Estadual da Bahia, por meio do Grupo GAECO.<\/p>\n\n\n\n<p>O objetivo das a\u00e7\u00f5es \u00e9 o cumprimento de 10 mandados de pris\u00e3o preventiva e 22 de busca e apreens\u00e3o nos munic\u00edpios de Euclides da Cunha, Salvador, Monte Santo, Teofil\u00e2ndia, Lauro de Freitas, Araci e Pojuca.&nbsp;<\/p>\n\n\n\n<p>O trabalho conjunto entre os \u00f3rg\u00e3os visa combater um esquema fraudulento com atua\u00e7\u00e3o na prefeitura de Euclides da Cunha. S\u00e3o apurados crimes de&nbsp; desarticular uma organiza\u00e7\u00e3o criminosa acusada de praticar diversos crimes de organiza\u00e7\u00e3o criminosa, peculato, corrup\u00e7\u00e3o passiva, corrup\u00e7\u00e3o ativa, falsidades documentais e frustra\u00e7\u00e3o do car\u00e1ter competitivo de licita\u00e7\u00e3o.<\/p>\n\n\n\n<p>De acordo com as investiga\u00e7\u00f5es, o esquema consiste em fraudes sist\u00eamicas a procedimentos de licita\u00e7\u00f5es realizadas pela prefeitura da cidade, atrav\u00e9s de manipula\u00e7\u00f5es de informa\u00e7\u00f5es nos Di\u00e1rios Oficiais do Munic\u00edpio, a fim de afastar poss\u00edveis empresas concorrentes. Al\u00e9m da fraude \u00e0s licita\u00e7\u00f5es as investiga\u00e7\u00f5es detectaram envolvimento de agentes p\u00fablicos lotados em secretarias municipais e superfaturamento em obras de pavimenta\u00e7\u00e3o asf\u00e1ltica e loca\u00e7\u00e3o de m\u00e1quinas pesadas.<\/p>\n\n\n<div class=\"wp-block-image\">\n<figure class=\"aligncenter\"><img decoding=\"async\" src=\"https:\/\/www.gov.br\/prf\/pt-br\/noticias\/estaduais\/bahia\/2022\/agosto\/operacao-201cgraft201d-prf-ministerio-publico-e-policia-civil-cumprem-10-mandados-de-prisao-preventiva-e-22-de-busca-e-apreensao\/WhatsAppImage20220804at06.59.47.jpeg\/@@images\/d3ccf84b-ea23-4e28-b628-70210c633987.jpeg\" alt=\"\"\/><\/figure><\/div>\n\n<div class=\"wp-block-image\">\n<figure class=\"aligncenter\"><img decoding=\"async\" src=\"https:\/\/www.gov.br\/prf\/pt-br\/noticias\/estaduais\/bahia\/2022\/agosto\/operacao-201cgraft201d-prf-ministerio-publico-e-policia-civil-cumprem-10-mandados-de-prisao-preventiva-e-22-de-busca-e-apreensao\/WhatsAppImage20220804at05.57.28.jpeg\/@@images\/9b887b7e-494d-4dc8-bb79-9e5e8dfb754a.jpeg\" alt=\"\"\/><\/figure><\/div>","protected":false},"excerpt":{"rendered":"<p>A exitosa a\u00e7\u00e3o contou com a integra\u00e7\u00e3o colaborativa dos \u00f3rg\u00e3os e teve o objetivo de apurar crimes fraudulentos com atua\u00e7\u00e3o dentro da Prefeitura de Euclides da Cunha. Na manh\u00e3 desta quinta-feira (04), a Pol\u00edcia Rodovi\u00e1ria Federal (PRF) em conjunto com o Minist\u00e9rio P\u00fablico estadual, Grupo de Atua\u00e7\u00e3o Especial de Combate \u00e0s Organiza\u00e7\u00f5es Criminosas -GAECO e [&hellip;]<\/p>\n","protected":false},"author":1,"featured_media":118375,"comment_status":"closed","ping_status":"closed","sticky":false,"template":"","format":"standard","meta":[],"categories":[3],"tags":[],"_links":{"self":[{"href":"https:\/\/blitzconquista.com.br\/index.php?rest_route=\/wp\/v2\/posts\/118368"}],"collection":[{"href":"https:\/\/blitzconquista.com.br\/index.php?rest_route=\/wp\/v2\/posts"}],"about":[{"href":"https:\/\/blitzconquista.com.br\/index.php?rest_route=\/wp\/v2\/types\/post"}],"author":[{"embeddable":true,"href":"https:\/\/blitzconquista.com.br\/index.php?rest_route=\/wp\/v2\/users\/1"}],"replies":[{"embeddable":true,"href":"https:\/\/blitzconquista.com.br\/index.php?rest_route=%2Fwp%2Fv2%2Fcomments&post=118368"}],"version-history":[{"count":1,"href":"https:\/\/blitzconquista.com.br\/index.php?rest_route=\/wp\/v2\/posts\/118368\/revisions"}],"predecessor-version":[{"id":118369,"href":"https:\/\/blitzconquista.com.br\/index.php?rest_route=\/wp\/v2\/posts\/118368\/revisions\/118369"}],"wp:featuredmedia":[{"embeddable":true,"href":"https:\/\/blitzconquista.com.br\/index.php?rest_route=\/wp\/v2\/media\/118375"}],"wp:attachment":[{"href":"https:\/\/blitzconquista.com.br\/index.php?rest_route=%2Fwp%2Fv2%2Fmedia&parent=118368"}],"wp:term":[{"taxonomy":"category","embeddable":true,"href":"https:\/\/blitzconquista.com.br\/index.php?rest_route=%2Fwp%2Fv2%2Fcategories&post=118368"},{"taxonomy":"post_tag","embeddable":true,"href":"https:\/\/blitzconquista.com.br\/index.php?rest_route=%2Fwp%2Fv2%2Ftags&post=118368"}],"curies":[{"name":"wp","href":"https:\/\/api.w.org\/{rel}","templated":true}]}}