{"id":118377,"date":"2022-08-04T17:29:37","date_gmt":"2022-08-04T20:29:37","guid":{"rendered":"http:\/\/blitzconquista.com.br\/?p=118377"},"modified":"2022-08-04T17:30:42","modified_gmt":"2022-08-04T20:30:42","slug":"camara-aprova-inclusao-de-corpus-christi-no-calendario-de-feriados-do-municipio","status":"publish","type":"post","link":"https:\/\/blitzconquista.com.br\/?p=118377","title":{"rendered":"C\u00e2mara aprova inclus\u00e3o de Corpus Christi no calend\u00e1rio de feriados do munic\u00edpio"},"content":{"rendered":"<figure class=\"wp-block-post-featured-image\"><img width=\"800\" height=\"533\" src=\"https:\/\/blitzconquista.com.br\/wp-content\/uploads\/2022\/08\/Camara-Aprova-Feriado-Corpus-Cristi.jpg\" class=\"attachment-post-thumbnail size-post-thumbnail wp-post-image\" alt=\"\" decoding=\"async\" loading=\"lazy\" srcset=\"https:\/\/blitzconquista.com.br\/wp-content\/uploads\/2022\/08\/Camara-Aprova-Feriado-Corpus-Cristi.jpg 800w, https:\/\/blitzconquista.com.br\/wp-content\/uploads\/2022\/08\/Camara-Aprova-Feriado-Corpus-Cristi-300x200.jpg 300w, https:\/\/blitzconquista.com.br\/wp-content\/uploads\/2022\/08\/Camara-Aprova-Feriado-Corpus-Cristi-695x463.jpg 695w, https:\/\/blitzconquista.com.br\/wp-content\/uploads\/2022\/08\/Camara-Aprova-Feriado-Corpus-Cristi-768x512.jpg 768w, https:\/\/blitzconquista.com.br\/wp-content\/uploads\/2022\/08\/Camara-Aprova-Feriado-Corpus-Cristi-414x276.jpg 414w, https:\/\/blitzconquista.com.br\/wp-content\/uploads\/2022\/08\/Camara-Aprova-Feriado-Corpus-Cristi-470x313.jpg 470w, https:\/\/blitzconquista.com.br\/wp-content\/uploads\/2022\/08\/Camara-Aprova-Feriado-Corpus-Cristi-640x426.jpg 640w, https:\/\/blitzconquista.com.br\/wp-content\/uploads\/2022\/08\/Camara-Aprova-Feriado-Corpus-Cristi-130x86.jpg 130w, https:\/\/blitzconquista.com.br\/wp-content\/uploads\/2022\/08\/Camara-Aprova-Feriado-Corpus-Cristi-187x124.jpg 187w\" sizes=\"(max-width: 800px) 100vw, 800px\" \/><\/figure>\n\n\n<p>Por meio da Proposta de Emenda \u00e0 Lei Org\u00e2nica Municipal n\u00ba 01\/2022, de autoria da Casa, a C\u00e2mara de Vit\u00f3ria da Conquista aprovou em reda\u00e7\u00e3o final, nesta quarta-feira, 03, a inclus\u00e3o do Dia de Corpus Christi no calend\u00e1rio de feriados do munic\u00edpio. Para tanto, foi modificado o artigo 7\u00ba, inciso XVI, da referida lei, que estabelece feriados municipais, at\u00e9 cinco, no m\u00e1ximo, j\u00e1 inclu\u00eddo o de Corpus Christi e o de S\u00e3o Jo\u00e3o. Na mesma sess\u00e3o, o projeto foi promulgado pelo Poder Legislativo, conforme Art. 42, \u00a72\u00ba, da Lei Org\u00e2nica Municipal. A altera\u00e7\u00e3o ser\u00e1 publicada no Di\u00e1rio Oficial do Munic\u00edpio.<\/p>\n\n\n\n<p>A inclus\u00e3o do feriado \u00e9 um anseio da comunidade cat\u00f3lica de Vit\u00f3ria da Conquista, devido \u00e0 grande tradi\u00e7\u00e3o hist\u00f3rica na celebra\u00e7\u00e3o desta data. Corpus Christi significa Corpo de Cristo. \u00c9 uma festa religiosa da Igreja Cat\u00f3lica que tem por objetivo celebrar o mist\u00e9rio da eucaristia, o sacramento do corpo e do sangue de Jesus Cristo. A festa de Corpus Christi acontece sempre 60 dias depois do Domingo de P\u00e1scoa ou na quinta-feira seguinte ao domingo da Sant\u00edssima Trindade, em alus\u00e3o \u00e0 quinta-feira santa, quando Jesus instituiu o sacramento da eucaristia.<\/p>\n\n\n\n<p>A festa do Corpus Christi foi institu\u00edda pelo Papa Urbano IV, no dia 8 de Setembro de 1264. A prociss\u00e3o lembra a caminhada do povo de Deus, peregrino, em busca da Terra Prometida. O Antigo Testamento diz que o povo peregrino foi alimentado com man\u00e1, no deserto. Com a institui\u00e7\u00e3o da eucaristia, o povo \u00e9 alimentado com o pr\u00f3prio corpo de Cristo.<\/p>\n\n\n\n<p>O presidente da C\u00e2mara, Lu\u00eds Carlos do Dud\u00e9 (MDB), destacou a import\u00e2ncia dessa data&nbsp; para a comunidade cat\u00f3lica e demais crist\u00e3os. \u201cCom a institui\u00e7\u00e3o legal desse feriado, vamos poder celebrar Jesus Cristo de forma intensa, com a nossa f\u00e9 e o nosso amor\u201d, disse. Ele relatou ainda o apoio de todos os vereadores na aprova\u00e7\u00e3o do projeto. \u201c\u00c9 uma grande vit\u00f3ria dos 21 vereadores dessa Casa\u201d.&nbsp;<\/p>\n","protected":false},"excerpt":{"rendered":"<p>Por meio da Proposta de Emenda \u00e0 Lei Org\u00e2nica Municipal n\u00ba 01\/2022, de autoria da Casa, a C\u00e2mara de Vit\u00f3ria da Conquista aprovou em reda\u00e7\u00e3o final, nesta quarta-feira, 03, a inclus\u00e3o do Dia de Corpus Christi no calend\u00e1rio de feriados do munic\u00edpio. Para tanto, foi modificado o artigo 7\u00ba, inciso XVI, da referida lei, que [&hellip;]<\/p>\n","protected":false},"author":1,"featured_media":118378,"comment_status":"closed","ping_status":"closed","sticky":false,"template":"","format":"standard","meta":[],"categories":[1,4],"tags":[],"_links":{"self":[{"href":"https:\/\/blitzconquista.com.br\/index.php?rest_route=\/wp\/v2\/posts\/118377"}],"collection":[{"href":"https:\/\/blitzconquista.com.br\/index.php?rest_route=\/wp\/v2\/posts"}],"about":[{"href":"https:\/\/blitzconquista.com.br\/index.php?rest_route=\/wp\/v2\/types\/post"}],"author":[{"embeddable":true,"href":"https:\/\/blitzconquista.com.br\/index.php?rest_route=\/wp\/v2\/users\/1"}],"replies":[{"embeddable":true,"href":"https:\/\/blitzconquista.com.br\/index.php?rest_route=%2Fwp%2Fv2%2Fcomments&post=118377"}],"version-history":[{"count":1,"href":"https:\/\/blitzconquista.com.br\/index.php?rest_route=\/wp\/v2\/posts\/118377\/revisions"}],"predecessor-version":[{"id":118379,"href":"https:\/\/blitzconquista.com.br\/index.php?rest_route=\/wp\/v2\/posts\/118377\/revisions\/118379"}],"wp:featuredmedia":[{"embeddable":true,"href":"https:\/\/blitzconquista.com.br\/index.php?rest_route=\/wp\/v2\/media\/118378"}],"wp:attachment":[{"href":"https:\/\/blitzconquista.com.br\/index.php?rest_route=%2Fwp%2Fv2%2Fmedia&parent=118377"}],"wp:term":[{"taxonomy":"category","embeddable":true,"href":"https:\/\/blitzconquista.com.br\/index.php?rest_route=%2Fwp%2Fv2%2Fcategories&post=118377"},{"taxonomy":"post_tag","embeddable":true,"href":"https:\/\/blitzconquista.com.br\/index.php?rest_route=%2Fwp%2Fv2%2Ftags&post=118377"}],"curies":[{"name":"wp","href":"https:\/\/api.w.org\/{rel}","templated":true}]}}