{"id":118797,"date":"2022-08-17T17:37:45","date_gmt":"2022-08-17T20:37:45","guid":{"rendered":"http:\/\/blitzconquista.com.br\/?p=118797"},"modified":"2022-08-17T17:37:45","modified_gmt":"2022-08-17T20:37:45","slug":"parceria-do-senai-com-prefeituras-da-bahia-qualifica-mais-de-20-mil-pessoas-no-estado","status":"publish","type":"post","link":"https:\/\/blitzconquista.com.br\/?p=118797","title":{"rendered":"Parceria do Senai com prefeituras da Bahia qualifica mais de 20 mil pessoas no estado"},"content":{"rendered":"<h3 class=\"notices-list__blog-card__summary\" style=\"text-align: center;\">Al\u00e9m de expandir qualifica\u00e7\u00e3o profissional no interior da Bahia, projeto auxilia as cidades a aproveitarem os recursos p\u00fablicos que j\u00e1 est\u00e3o dispon\u00edveis<\/h3>\n<figure id=\"attachment_118801\" aria-describedby=\"caption-attachment-118801\" style=\"width: 698px\" class=\"wp-caption aligncenter\"><img decoding=\"async\" loading=\"lazy\" class=\"wp-image-118801 \" src=\"http:\/\/blitzconquista.com.br\/wp-content\/uploads\/2022\/08\/Senai-Bahia.jpg\" alt=\"\" width=\"698\" height=\"447\" \/><figcaption id=\"caption-attachment-118801\" class=\"wp-caption-text\">SENAI conta com uma F\u00e1brica de Kits educacionais, o que possibilita levar material did\u00e1tico para qualquer localidade. Foto: Valter Andrade\/Coperphoto\/Sistema FIEB<\/figcaption><\/figure>\n<div id=\"js-text-clipboard\" class=\"notice-content__show js-notice-expand js-permit-copy fix-height\">\n<p>Qualifica\u00e7\u00e3o profissional de mais de 20 mil pessoas e gera\u00e7\u00e3o de renda e emprego. Esse \u00e9 o resultado de um trabalho de tr\u00eas anos de parcerias entre o <a href=\"https:\/\/www.senaibahia.com.br\/\">Senai Bahia<\/a> e as prefeituras do interior do estado, que busca identificar as demandas profissionais e realizar a inser\u00e7\u00e3o de pessoas capacitadas no mercado local. O projeto aproveita os recursos p\u00fablicos que j\u00e1 est\u00e3o dispon\u00edveis nesses munic\u00edpios, provenientes dos minist\u00e9rios da Cidadania e da Educa\u00e7\u00e3o.<\/p>\n<p>O modelo come\u00e7ou na unidade de Feira de Santana e a articula\u00e7\u00e3o do Senai com o poder p\u00fablico mostrou tantos resultados positivos que o projeto foi implementado nas outras 21 unidades, com capacidade de atuar em todos os 417 munic\u00edpios baianos. Desde ent\u00e3o, por meio da Ger\u00eancia Comercial de \u00d3rg\u00e3os P\u00fablicos, o Senai Bahia vem ampliando a execu\u00e7\u00e3o de cursos profissionalizantes com a ajuda de mapeamento de potencialidades e a identifica\u00e7\u00e3o de \u00e1reas carentes.<\/p>\n<p>Bianca Oliveira, gerente comercial de \u00f3rg\u00e3os p\u00fablicos do Senai Bahia, explica que atualmente o trabalho \u00e9 mais proativo do que reativo, j\u00e1 que o Senai faz prospec\u00e7\u00f5es e visitas aos munic\u00edpios, mostrando aos entes p\u00fablicos daquela localidade as oportunidades que poderiam ser aproveitadas com os recursos j\u00e1 dispon\u00edveis. Alguns munic\u00edpios, no entanto, procuram o Senai j\u00e1 sabendo do projeto para tamb\u00e9m elaborarem os planos de a\u00e7\u00e3o.<\/p>\n<p>\u201cDesde 2018 mais de 100 prefeituras j\u00e1 foram atendidas. H\u00e1 ainda quase 50 atualmente em atendimento e outras 102 em prospec\u00e7\u00e3o\u201d, conta Bianca.<\/p>\n<p>Uma equipe capacitada e em constante atualiza\u00e7\u00e3o do Senai \u00e9 a respons\u00e1vel por levar as solu\u00e7\u00f5es \u00e0s prefeituras. Assim, toda a proposta j\u00e1 chega amparada com estudos, o demonstrativo da demanda profissional que j\u00e1 existe naquela localidade e os indicadores que podem evoluir em virtude da qualifica\u00e7\u00e3o profissional. Mesmo porque s\u00e3o muitas as prefeituras que, por falta de pessoal ou recursos, n\u00e3o conseguem identificar essas oportunidades ou projetos que se adequem a esses recursos parados. Recursos esses que podem acabar voltando ao governo federal caso n\u00e3o sejam aproveitados pela prefeitura.<\/p>\n<p>\u201cA gente faz uma apresenta\u00e7\u00e3o das qualifica\u00e7\u00f5es profissionais que est\u00e3o com demanda alta no mercado de trabalho, apresentamos tamb\u00e9m estudos de demanda futura. \u00c9 quase que uma consultoria \u00e0s prefeituras, informando quais s\u00e3o os segmentos que v\u00e3o precisar de profissionais, sem esquecer da voca\u00e7\u00e3o econ\u00f4mica daquele territ\u00f3rio\u201d, explica a gerente do Senai Bahia.<\/p>\n<p>Guanambi, por exemplo, tinha \u00e0 disposi\u00e7\u00e3o mais de R$ 47 mil em recursos pr\u00f3prios, do Fundo de Participa\u00e7\u00e3o dos Munic\u00edpios, e foi identificada uma grande demanda de profissionais para trabalhar na concession\u00e1ria de energia do munic\u00edpio. Junto com a empresa, o Senai fez uma capta\u00e7\u00e3o de vagas e informou \u00e0 prefeitura sobre a necessidade de pessoas formadas em rede de distribui\u00e7\u00e3o de energia.<\/p>\n<p>\u201cMontamos uma reuni\u00e3o em conjunto, prefeitura, empresa e Senai. Esse \u00e9 o projeto ideal, quando a gente encontra as vagas de mercado, atrav\u00e9s de estudo vocacional, aciona o poder p\u00fablico, mostrando que h\u00e1 vagas e recursos, e o Senai entra como principal executor. Esse \u00e9 o casamento perfeito\u201d, pontua.<\/p>\n<p>Dessa turma que foi capacitada na \u00e1rea de el\u00e9trica pelo Senai, formada por 25 habitantes de Guanambi, 18 foram contratados por empreiteiras prestadoras de servi\u00e7os da concession\u00e1ria.<\/p>\n<p>Bianca destaca que a qualifica\u00e7\u00e3o profissional n\u00e3o s\u00f3 ajuda os munic\u00edpios a gerarem mais emprego e renda, como o trabalho acaba refletindo em todo o estado baiano, melhorando \u00edndices, aproveitando melhor os recursos e abrindo portas para o empreendedorismo.<\/p>\n<p>\u201cA grande import\u00e2ncia hoje da forma\u00e7\u00e3o profissional \u00e9, em primeiro lugar, contribuir para o desenvolvimento sustent\u00e1vel daquela regi\u00e3o, seja prefeitura, seja em n\u00edvel de estado, porque a soma dessas prefeituras acaba desaguando num indicador maior de melhoria da empregabilidade. Ent\u00e3o, a forma\u00e7\u00e3o profissional hoje supre essa necessidade. Muitas vagas est\u00e3o a\u00ed porque n\u00e3o tem pessoal capacitado\u201d, analisa.<\/p>\n<h2>Da qualifica\u00e7\u00e3o ao empreendedorismo<\/h2>\n<p>Em Serrinha, interior baiano, o montante de R$ 335 mil em recursos precat\u00f3rios do Fundeb foi utilizado para atender 500 pessoas num projeto para Educa\u00e7\u00e3o de Jovens e Adultos (EJA) associado \u00e0 capacita\u00e7\u00e3o profissional. O projeto ajudou a baixar o \u00edndice de evas\u00e3o no munic\u00edpio para este tipo de forma\u00e7\u00e3o, de 25% para 4,9%, e a utiliza\u00e7\u00e3o correta dos recursos parados fez o munic\u00edpio passar a receber um volume maior de repasses do governo para este fim.<\/p>\n<p>E a capacita\u00e7\u00e3o profissional n\u00e3o apenas ajudou moradores de Serrinha, como tamb\u00e9m plantou a semente do empreendedorismo. Darlan Ara\u00fajo da Silva, 39 anos, revela que a qualifica\u00e7\u00e3o profissional trouxe oportunidades que antes pareciam imposs\u00edveis. Ele conseguiu tanto se qualificar como tamb\u00e9m gerar novos empregos com seu empreendimento.<\/p>\n<p>\u201cNo primeiro momento eu n\u00e3o tinha nenhuma no\u00e7\u00e3o do que \u00e9 a \u00e1rea industrial. Quando eu entrei no Senai, abriu muito a vis\u00e3o, a mente, do que \u00e9 se profissionalizar. E com isso, veio o reconhecimento. Praticamente voc\u00ea j\u00e1 sai trabalhando. O Senai tem tudo para voc\u00ea j\u00e1 sair pronto, voc\u00ea j\u00e1 entra na ind\u00fastria com toda a capacidade\u201d, conta Darlan, que fez diversos cursos em Salvador, Feira de Santana e Serrinha, em \u00e1reas como el\u00e9trica e refrigera\u00e7\u00e3o. Atualmente, como empreendedor, est\u00e1 empregando outras pessoas que trilharam o mesmo caminho no Senai.<\/p>\n<p>\u201cHoje tenho cinco colaboradores na minha equipe e todos eles t\u00eam o curso do Senai. Agora estamos tratando de reciclagens na \u00e1rea de seguran\u00e7a e planejando bolsa de estudos para cada um, pelo bom desempenho que tiveram, para fazerem mais cursos t\u00e9cnicos\u201d, conclui.<\/p>\n<p>&nbsp;<\/p>\n<h2>Barrocas<\/h2>\n<p>O munic\u00edpio de Barrocas tamb\u00e9m foi beneficiado com o projeto. Segundo a unidade do Senai Bahia localizada na cidade, o \u00edndice de alfabetiza\u00e7\u00e3o de Barrocas \u00e9 de quase 99%, mas a renda m\u00e9dia \u00e9 de apenas tr\u00eas sal\u00e1rios m\u00ednimos, uma realidade que pode e vem sendo melhorada com a qualifica\u00e7\u00e3o profissional.<\/p>\n<p>O prefeito Jai de Barrocas explica que mais de 537 pessoas foram profissionalizadas pelo Senai nesses \u00faltimos anos e a parceria continua sendo fundamental para o munic\u00edpio ao dar capacita\u00e7\u00e3o e resolver demandas importantes da cidade.<\/p>\n<p>\u201cEstamos pensando em contratar outros cursos porque isso \u00e9 de uma import\u00e2ncia muito grande. Gera renda e emprego, desafoga os problemas da prefeitura, j\u00e1 que por ser uma cidade pequena, as pessoas vivem em fun\u00e7\u00e3o da prefeitura mesmo. Ent\u00e3o, isso \u00e9 at\u00e9 uma forma de a gente gerar emprego\u201d, relata o prefeito.<\/p>\n<p>Al\u00e9m de Serrinha e Barrocas, v\u00e1rios outros munic\u00edpios se beneficiaram com a parceria entre a prefeitura e o Senai. Em Vit\u00f3ria da Conquista, por exemplo, mais de R$ 1,3 milh\u00e3o dos recursos PTS (Projeto T\u00e9cnico Social) do Minha Casa Verde e Amarela foram direcionados a 4.481 fam\u00edlias com a\u00e7\u00f5es socioeducativas e possibilitaram a forma\u00e7\u00e3o profissional de 2.447 alunos, em cursos como panifica\u00e7\u00e3o.<\/p>\n<p>O Senai Bahia tem, ainda, uma F\u00e1brica de Kits de educa\u00e7\u00e3o profissional, os quais s\u00e3o utilizados em diversas das forma\u00e7\u00f5es que oferece, aproveitando sua estrutura, profissionais qualificados e experi\u00eancia.<\/p>\n<p>E o modelo pioneiro de parceria com as prefeituras, segundo Bianca Oliveira, virou uma refer\u00eancia para outros departamentos regionais do Senai. Atualmente, a unidade baiana recebe equipes de unidades de todo o pa\u00eds que desejam conhecer melhor o modelo para replicar o sucesso do empreendimento em seus estados.<\/p>\n<\/div>\n","protected":false},"excerpt":{"rendered":"<p>Al\u00e9m de expandir qualifica\u00e7\u00e3o profissional no interior da Bahia, projeto auxilia as cidades a aproveitarem os recursos p\u00fablicos que j\u00e1 est\u00e3o dispon\u00edveis Qualifica\u00e7\u00e3o profissional de mais de 20 mil pessoas e gera\u00e7\u00e3o de renda e emprego. Esse \u00e9 o resultado de um trabalho de tr\u00eas anos de parcerias entre o Senai Bahia e as prefeituras [&hellip;]<\/p>\n","protected":false},"author":1,"featured_media":118801,"comment_status":"closed","ping_status":"closed","sticky":false,"template":"","format":"standard","meta":[],"categories":[28],"tags":[],"_links":{"self":[{"href":"https:\/\/blitzconquista.com.br\/index.php?rest_route=\/wp\/v2\/posts\/118797"}],"collection":[{"href":"https:\/\/blitzconquista.com.br\/index.php?rest_route=\/wp\/v2\/posts"}],"about":[{"href":"https:\/\/blitzconquista.com.br\/index.php?rest_route=\/wp\/v2\/types\/post"}],"author":[{"embeddable":true,"href":"https:\/\/blitzconquista.com.br\/index.php?rest_route=\/wp\/v2\/users\/1"}],"replies":[{"embeddable":true,"href":"https:\/\/blitzconquista.com.br\/index.php?rest_route=%2Fwp%2Fv2%2Fcomments&post=118797"}],"version-history":[{"count":1,"href":"https:\/\/blitzconquista.com.br\/index.php?rest_route=\/wp\/v2\/posts\/118797\/revisions"}],"predecessor-version":[{"id":118802,"href":"https:\/\/blitzconquista.com.br\/index.php?rest_route=\/wp\/v2\/posts\/118797\/revisions\/118802"}],"wp:featuredmedia":[{"embeddable":true,"href":"https:\/\/blitzconquista.com.br\/index.php?rest_route=\/wp\/v2\/media\/118801"}],"wp:attachment":[{"href":"https:\/\/blitzconquista.com.br\/index.php?rest_route=%2Fwp%2Fv2%2Fmedia&parent=118797"}],"wp:term":[{"taxonomy":"category","embeddable":true,"href":"https:\/\/blitzconquista.com.br\/index.php?rest_route=%2Fwp%2Fv2%2Fcategories&post=118797"},{"taxonomy":"post_tag","embeddable":true,"href":"https:\/\/blitzconquista.com.br\/index.php?rest_route=%2Fwp%2Fv2%2Ftags&post=118797"}],"curies":[{"name":"wp","href":"https:\/\/api.w.org\/{rel}","templated":true}]}}