{"id":129007,"date":"2023-11-30T23:52:12","date_gmt":"2023-12-01T02:52:12","guid":{"rendered":"http:\/\/blitzconquista.com.br\/?p=129007"},"modified":"2023-11-30T23:52:12","modified_gmt":"2023-12-01T02:52:12","slug":"o-calor-vai-aumentar","status":"publish","type":"post","link":"https:\/\/blitzconquista.com.br\/?p=129007","title":{"rendered":"O calor vai aumentar"},"content":{"rendered":"<h3 style=\"text-align: center;\">\u00c9 o que afirma o professor da Universidade Estadual do Sudoeste da Bahia &#8211; UESB, Rosalve Lucas Marcelino.<\/h3>\n<p>Segundo o pesquisador, a previs\u00e3o de chuvas na regi\u00e3o Sudoeste \u00e9 para o final do m\u00eas de dezembro, mas abaixo da m\u00e9dia, e com altas temperaturas.<\/p>\n<p>Em entrevista ao Blitz Conquista, Marcelino afirmou que o calor vai aumentar, pois o ver\u00e3o come\u00e7ar\u00e1 no m\u00eas de dezembro.<\/p>\n<p>Veja a entrevista:<\/p>\n<p><iframe loading=\"lazy\" title=\"Previs\u00e3o do tempo para a regi\u00e3o\" width=\"1320\" height=\"743\" src=\"https:\/\/www.youtube.com\/embed\/uc_e9IFZi08?feature=oembed\" frameborder=\"0\" allow=\"accelerometer; autoplay; clipboard-write; encrypted-media; gyroscope; picture-in-picture; web-share\" allowfullscreen><\/iframe><\/p>\n","protected":false},"excerpt":{"rendered":"<p>\u00c9 o que afirma o professor da Universidade Estadual do Sudoeste da Bahia &#8211; UESB, Rosalve Lucas Marcelino. Segundo o pesquisador, a previs\u00e3o de chuvas na regi\u00e3o Sudoeste \u00e9 para o final do m\u00eas de dezembro, mas abaixo da m\u00e9dia, e com altas temperaturas. Em entrevista ao Blitz Conquista, Marcelino afirmou que o calor vai [&hellip;]<\/p>\n","protected":false},"author":1,"featured_media":129012,"comment_status":"closed","ping_status":"closed","sticky":false,"template":"","format":"standard","meta":[],"categories":[4,212],"tags":[],"_links":{"self":[{"href":"https:\/\/blitzconquista.com.br\/index.php?rest_route=\/wp\/v2\/posts\/129007"}],"collection":[{"href":"https:\/\/blitzconquista.com.br\/index.php?rest_route=\/wp\/v2\/posts"}],"about":[{"href":"https:\/\/blitzconquista.com.br\/index.php?rest_route=\/wp\/v2\/types\/post"}],"author":[{"embeddable":true,"href":"https:\/\/blitzconquista.com.br\/index.php?rest_route=\/wp\/v2\/users\/1"}],"replies":[{"embeddable":true,"href":"https:\/\/blitzconquista.com.br\/index.php?rest_route=%2Fwp%2Fv2%2Fcomments&post=129007"}],"version-history":[{"count":3,"href":"https:\/\/blitzconquista.com.br\/index.php?rest_route=\/wp\/v2\/posts\/129007\/revisions"}],"predecessor-version":[{"id":129011,"href":"https:\/\/blitzconquista.com.br\/index.php?rest_route=\/wp\/v2\/posts\/129007\/revisions\/129011"}],"wp:featuredmedia":[{"embeddable":true,"href":"https:\/\/blitzconquista.com.br\/index.php?rest_route=\/wp\/v2\/media\/129012"}],"wp:attachment":[{"href":"https:\/\/blitzconquista.com.br\/index.php?rest_route=%2Fwp%2Fv2%2Fmedia&parent=129007"}],"wp:term":[{"taxonomy":"category","embeddable":true,"href":"https:\/\/blitzconquista.com.br\/index.php?rest_route=%2Fwp%2Fv2%2Fcategories&post=129007"},{"taxonomy":"post_tag","embeddable":true,"href":"https:\/\/blitzconquista.com.br\/index.php?rest_route=%2Fwp%2Fv2%2Ftags&post=129007"}],"curies":[{"name":"wp","href":"https:\/\/api.w.org\/{rel}","templated":true}]}}