{"id":129109,"date":"2023-12-08T08:15:12","date_gmt":"2023-12-08T11:15:12","guid":{"rendered":"http:\/\/blitzconquista.com.br\/?p=129109"},"modified":"2023-12-08T08:15:12","modified_gmt":"2023-12-08T11:15:12","slug":"vacina-contra-dengue-pode-ser-incluida-no-sus","status":"publish","type":"post","link":"https:\/\/blitzconquista.com.br\/?p=129109","title":{"rendered":"Vacina contra dengue pode ser inclu\u00edda no SUS"},"content":{"rendered":"<h3 class=\"sinopse\" style=\"text-align: center;\">Segundo an\u00e1lise do Minist\u00e9rio da Sa\u00fade, existe a necessidade de disponibilizar mais uma alternativa para o enfrentamento \u00e0 dengue, uma vez que a pasta prev\u00ea mais de 1,5 milh\u00e3o de casos prov\u00e1veis somente este ano. Confira mais na mat\u00e9ria de Larissa Lago.<\/h3>\n<div><img decoding=\"async\" loading=\"lazy\" class=\"aligncenter size-full wp-image-129111\" src=\"http:\/\/blitzconquista.com.br\/wp-content\/uploads\/2023\/12\/Vacina-Dengue.jpg\" alt=\"\" width=\"493\" height=\"424\" \/><\/div>\n<div><span class=\"TextRun SCXW1252943 BCX8\" lang=\"PT-BR\" xml:lang=\"PT-BR\" data-contrast=\"auto\"><span class=\"NormalTextRun SCXW1252943 BCX8\">Com aumento no n\u00famero de casos de dengue no pa\u00eds o Minist\u00e9rio da Sa\u00fade estuda incorporar a vacina contra a doen\u00e7a no SUS. <\/span><span class=\"NormalTextRun SCXW1252943 BCX8\">O imunizante <\/span><span class=\"NormalTextRun SpellingErrorV2Themed SCXW1252943 BCX8\">Qdenga<\/span><span class=\"NormalTextRun SCXW1252943 BCX8\"> j\u00e1 est\u00e1 em avalia\u00e7\u00e3o pela <\/span><span class=\"NormalTextRun SpellingErrorV2Themed SCXW1252943 BCX8\">Conitec<\/span><span class=\"NormalTextRun SCXW1252943 BCX8\"> &#8211; Comiss\u00e3o Nacional de Incorpora\u00e7\u00f5es de Tecnologias no Sistema \u00danico de Sa\u00fade. Segundo an\u00e1lise do minist\u00e9rio, existe a necessidade de incluir mais uma alternativa para o enfrentamento \u00e0 dengue, uma vez que a pasta prev\u00ea mais de 1 milh\u00e3o e 500 mil casos prov\u00e1veis de dengue somente este ano.<\/span><span class=\"NormalTextRun SCXW1252943 BCX8\"> A estrat\u00e9gia inicialmente \u00e9 incorporar o imunizante em localidades e p\u00fablicos priorit\u00e1rios que ser\u00e3o definidos pelo Programa Nacional de Imuniza\u00e7\u00f5es, considerando as regi\u00f5es de maior incid\u00eancia e transmiss\u00e3o, al\u00e9m das faixas et\u00e1rias de maior risco. Assim como todas as recomenda\u00e7\u00f5es feitas pela <\/span><span class=\"NormalTextRun SpellingErrorV2Themed SCXW1252943 BCX8\">Conitec<\/span><span class=\"NormalTextRun SCXW1252943 BCX8\">, a incorpora\u00e7\u00e3o da <\/span><span class=\"NormalTextRun SpellingErrorV2Themed SCXW1252943 BCX8\">Qdenga<\/span><span class=\"NormalTextRun SCXW1252943 BCX8\"> ao sus tamb\u00e9m foi submetida \u00e0 consulta p\u00fablica. Voc\u00ea pode dar sua opini\u00e3o sobre o assunto na Plataforma Participa + Brasil. Vale lembrar que a vacina <\/span><span class=\"NormalTextRun SpellingErrorV2Themed SCXW1252943 BCX8\">Qdenga<\/span><span class=\"NormalTextRun SCXW1252943 BCX8\"> j\u00e1 est\u00e1 dispon\u00edvel na rede particular e pode custar de 360 a 420 reais, cada dose.<\/span><\/span><span class=\"EOP SCXW1252943 BCX8\" data-ccp-props=\"{&quot;201341983&quot;:0,&quot;335551550&quot;:6,&quot;335551620&quot;:6,&quot;335559739&quot;:0,&quot;335559740&quot;:360}\">\u00a0<\/span><\/div>\n","protected":false},"excerpt":{"rendered":"<p>Segundo an\u00e1lise do Minist\u00e9rio da Sa\u00fade, existe a necessidade de disponibilizar mais uma alternativa para o enfrentamento \u00e0 dengue, uma vez que a pasta prev\u00ea mais de 1,5 milh\u00e3o de casos prov\u00e1veis somente este ano. Confira mais na mat\u00e9ria de Larissa Lago. Com aumento no n\u00famero de casos de dengue no pa\u00eds o Minist\u00e9rio da [&hellip;]<\/p>\n","protected":false},"author":1,"featured_media":129111,"comment_status":"closed","ping_status":"closed","sticky":false,"template":"","format":"standard","meta":[],"categories":[212,30],"tags":[],"_links":{"self":[{"href":"https:\/\/blitzconquista.com.br\/index.php?rest_route=\/wp\/v2\/posts\/129109"}],"collection":[{"href":"https:\/\/blitzconquista.com.br\/index.php?rest_route=\/wp\/v2\/posts"}],"about":[{"href":"https:\/\/blitzconquista.com.br\/index.php?rest_route=\/wp\/v2\/types\/post"}],"author":[{"embeddable":true,"href":"https:\/\/blitzconquista.com.br\/index.php?rest_route=\/wp\/v2\/users\/1"}],"replies":[{"embeddable":true,"href":"https:\/\/blitzconquista.com.br\/index.php?rest_route=%2Fwp%2Fv2%2Fcomments&post=129109"}],"version-history":[{"count":1,"href":"https:\/\/blitzconquista.com.br\/index.php?rest_route=\/wp\/v2\/posts\/129109\/revisions"}],"predecessor-version":[{"id":129112,"href":"https:\/\/blitzconquista.com.br\/index.php?rest_route=\/wp\/v2\/posts\/129109\/revisions\/129112"}],"wp:featuredmedia":[{"embeddable":true,"href":"https:\/\/blitzconquista.com.br\/index.php?rest_route=\/wp\/v2\/media\/129111"}],"wp:attachment":[{"href":"https:\/\/blitzconquista.com.br\/index.php?rest_route=%2Fwp%2Fv2%2Fmedia&parent=129109"}],"wp:term":[{"taxonomy":"category","embeddable":true,"href":"https:\/\/blitzconquista.com.br\/index.php?rest_route=%2Fwp%2Fv2%2Fcategories&post=129109"},{"taxonomy":"post_tag","embeddable":true,"href":"https:\/\/blitzconquista.com.br\/index.php?rest_route=%2Fwp%2Fv2%2Ftags&post=129109"}],"curies":[{"name":"wp","href":"https:\/\/api.w.org\/{rel}","templated":true}]}}