{"id":129967,"date":"2024-02-09T11:06:03","date_gmt":"2024-02-09T14:06:03","guid":{"rendered":"http:\/\/blitzconquista.com.br\/?p=129967"},"modified":"2024-02-09T11:06:03","modified_gmt":"2024-02-09T14:06:03","slug":"dupla-e-presa-em-laboratorio-de-entorpecentes-em-feira","status":"publish","type":"post","link":"https:\/\/blitzconquista.com.br\/?p=129967","title":{"rendered":"Dupla \u00e9 presa em laborat\u00f3rio de entorpecentes em Feira"},"content":{"rendered":"<div id=\"story_text\">\n<div><img decoding=\"async\" loading=\"lazy\" class=\"aligncenter size-large wp-image-129969\" src=\"http:\/\/blitzconquista.com.br\/wp-content\/uploads\/2024\/02\/1707415521Dupla1-695x339.jpeg\" alt=\"\" width=\"695\" height=\"339\" srcset=\"https:\/\/blitzconquista.com.br\/wp-content\/uploads\/2024\/02\/1707415521Dupla1-695x339.jpeg 695w, https:\/\/blitzconquista.com.br\/wp-content\/uploads\/2024\/02\/1707415521Dupla1-300x146.jpeg 300w, https:\/\/blitzconquista.com.br\/wp-content\/uploads\/2024\/02\/1707415521Dupla1-768x374.jpeg 768w, https:\/\/blitzconquista.com.br\/wp-content\/uploads\/2024\/02\/1707415521Dupla1-990x483.jpeg 990w, https:\/\/blitzconquista.com.br\/wp-content\/uploads\/2024\/02\/1707415521Dupla1.jpeg 1280w\" sizes=\"(max-width: 695px) 100vw, 695px\" \/>Dois homens foram presos em flagrante por tr\u00e1fico de drogas nesta quarta-feira (7), ap\u00f3s policiais da Delegacia de T\u00f3xicos e Entorpecentes (DTE) de Feira de Santana desarticularem um laborat\u00f3rio de entorpecentes no bairro Bras\u00edlia, naquele munic\u00edpio.<\/div>\n<div><\/div>\n<div>Na localidade foram apreendidos cinco quilos de coca\u00edna, cinco quilos de insumos para o preparo da droga, diversas ampolas de subst\u00e2ncias qu\u00edmicas, um quilo de maconha, duas balan\u00e7as e embalagens para acondicionar os entorpecentes.<\/div>\n<div><\/div>\n<div>&#8220;Durante a investiga\u00e7\u00e3o em campo, foi identificado que as drogas eram produzidas em Feira e seriam destinadas para o Carnaval de Salvador&#8221;, explicou o coordenador da 1\u00aa Coordenadoria Regional de Pol\u00edcia do Interior, delegado Yves Correia.<\/div>\n<div><\/div>\n<div>Todo material apreendido foi encaminhado para o Departamento de Pol\u00edcia T\u00e9cnica (DPT) para ser periciado. A dupla, que foi presa em flagrante, foi encaminhada para o Complexo do Sobradinho, onde est\u00e1 custodiada \u00e0 disposi\u00e7\u00e3o do Poder Judici\u00e1rio.<\/div>\n<div><\/div>\n<div><\/div>\n<div>Ascom PC\/Nat\u00e1lia Verena<\/div>\n<\/div>\n","protected":false},"excerpt":{"rendered":"<p>Dois homens foram presos em flagrante por tr\u00e1fico de drogas nesta quarta-feira (7), ap\u00f3s policiais da Delegacia de T\u00f3xicos e Entorpecentes (DTE) de Feira de Santana desarticularem um laborat\u00f3rio de entorpecentes no bairro Bras\u00edlia, naquele munic\u00edpio. Na localidade foram apreendidos cinco quilos de coca\u00edna, cinco quilos de insumos para o preparo da droga, diversas ampolas [&hellip;]<\/p>\n","protected":false},"author":1,"featured_media":129969,"comment_status":"closed","ping_status":"closed","sticky":false,"template":"","format":"standard","meta":[],"categories":[3],"tags":[],"_links":{"self":[{"href":"https:\/\/blitzconquista.com.br\/index.php?rest_route=\/wp\/v2\/posts\/129967"}],"collection":[{"href":"https:\/\/blitzconquista.com.br\/index.php?rest_route=\/wp\/v2\/posts"}],"about":[{"href":"https:\/\/blitzconquista.com.br\/index.php?rest_route=\/wp\/v2\/types\/post"}],"author":[{"embeddable":true,"href":"https:\/\/blitzconquista.com.br\/index.php?rest_route=\/wp\/v2\/users\/1"}],"replies":[{"embeddable":true,"href":"https:\/\/blitzconquista.com.br\/index.php?rest_route=%2Fwp%2Fv2%2Fcomments&post=129967"}],"version-history":[{"count":1,"href":"https:\/\/blitzconquista.com.br\/index.php?rest_route=\/wp\/v2\/posts\/129967\/revisions"}],"predecessor-version":[{"id":129970,"href":"https:\/\/blitzconquista.com.br\/index.php?rest_route=\/wp\/v2\/posts\/129967\/revisions\/129970"}],"wp:featuredmedia":[{"embeddable":true,"href":"https:\/\/blitzconquista.com.br\/index.php?rest_route=\/wp\/v2\/media\/129969"}],"wp:attachment":[{"href":"https:\/\/blitzconquista.com.br\/index.php?rest_route=%2Fwp%2Fv2%2Fmedia&parent=129967"}],"wp:term":[{"taxonomy":"category","embeddable":true,"href":"https:\/\/blitzconquista.com.br\/index.php?rest_route=%2Fwp%2Fv2%2Fcategories&post=129967"},{"taxonomy":"post_tag","embeddable":true,"href":"https:\/\/blitzconquista.com.br\/index.php?rest_route=%2Fwp%2Fv2%2Ftags&post=129967"}],"curies":[{"name":"wp","href":"https:\/\/api.w.org\/{rel}","templated":true}]}}