{"id":131254,"date":"2024-04-20T02:53:19","date_gmt":"2024-04-20T05:53:19","guid":{"rendered":"http:\/\/blitzconquista.com.br\/?p=131254"},"modified":"2024-04-20T02:53:19","modified_gmt":"2024-04-20T05:53:19","slug":"forum-eleitoral-amplia-horario-de-atendimento","status":"publish","type":"post","link":"https:\/\/blitzconquista.com.br\/?p=131254","title":{"rendered":"F\u00d3RUM ELEITORAL AMPLIA HOR\u00c1RIO DE ATENDIMENTO"},"content":{"rendered":"<figure id=\"attachment_131256\" aria-describedby=\"caption-attachment-131256\" style=\"width: 2560px\" class=\"wp-caption aligncenter\"><img decoding=\"async\" loading=\"lazy\" class=\"wp-image-131256 size-full\" src=\"http:\/\/blitzconquista.com.br\/wp-content\/uploads\/2024\/04\/TRE-BA-forum-Vitoria-da-Conquista-scaled.jpg\" alt=\"\" width=\"2560\" height=\"1310\" srcset=\"https:\/\/blitzconquista.com.br\/wp-content\/uploads\/2024\/04\/TRE-BA-forum-Vitoria-da-Conquista-scaled.jpg 2560w, https:\/\/blitzconquista.com.br\/wp-content\/uploads\/2024\/04\/TRE-BA-forum-Vitoria-da-Conquista-300x153.jpg 300w, https:\/\/blitzconquista.com.br\/wp-content\/uploads\/2024\/04\/TRE-BA-forum-Vitoria-da-Conquista-695x356.jpg 695w, https:\/\/blitzconquista.com.br\/wp-content\/uploads\/2024\/04\/TRE-BA-forum-Vitoria-da-Conquista-768x393.jpg 768w, https:\/\/blitzconquista.com.br\/wp-content\/uploads\/2024\/04\/TRE-BA-forum-Vitoria-da-Conquista-1536x786.jpg 1536w, https:\/\/blitzconquista.com.br\/wp-content\/uploads\/2024\/04\/TRE-BA-forum-Vitoria-da-Conquista-2048x1048.jpg 2048w, https:\/\/blitzconquista.com.br\/wp-content\/uploads\/2024\/04\/TRE-BA-forum-Vitoria-da-Conquista-990x506.jpg 990w, https:\/\/blitzconquista.com.br\/wp-content\/uploads\/2024\/04\/TRE-BA-forum-Vitoria-da-Conquista-1320x675.jpg 1320w\" sizes=\"(max-width: 2560px) 100vw, 2560px\" \/><figcaption id=\"caption-attachment-131256\" class=\"wp-caption-text\">Imagem: TRE-BA<\/figcaption><\/figure>\n<p>H\u00e1 poucos dias de terminar o prazo para tirar a primeira via do t\u00edtulo, regularizar a situa\u00e7\u00e3o ou transferir o domic\u00edlio eleitoral, o F\u00f3rum Eleitoral de Vit\u00f3ria da Conquista vai ampliar o hor\u00e1rio de atendimento. A medida tem o objetivo de facilitar a situa\u00e7\u00e3o das pessoas que n\u00e3o podem ser atendidas pela manh\u00e3.<\/p>\n<p>Do dia 22 de abril at\u00e9 8 de maio, o atendimento no F\u00f3rum Eleitoral, de segunda a sexta-feira, vai ser das 8h \u00e0s 18h, sem interrup\u00e7\u00e3o. Por\u00e9m, a cada dia v\u00e3o ser distribu\u00eddas 400 senhas, limitando-se o atendimento a esse n\u00famero de pessoas.<\/p>\n<p>Tamb\u00e9m vai haver plant\u00f5es nos dias 27 de abril (s\u00e1bado), 1\u00ba de maio (feriado), 4 de maio (s\u00e1bado) e 5 de maio (domingo), mas o hor\u00e1rio de atendimento nesses dias vai ser das 8h \u00e0s 14h. O n\u00famero de senhas nos plant\u00f5es ser\u00e1 reduzido para 200.<\/p>\n<p>No Autoatendimento Eleitoral, dispon\u00edvel no portal do TRE-BA (www.tre-ba.jus.br), \u00e9 poss\u00edvel ao eleitor que j\u00e1 tem a biometria coletada e v\u00e1lida requerer remotamente os servi\u00e7os de altera\u00e7\u00e3o de dados cadastrais, regulariza\u00e7\u00e3o do t\u00edtulo e transfer\u00eancia de domic\u00edlio eleitoral.<\/p>\n<p>Conforme a legisla\u00e7\u00e3o eleitoral (Lei n\u00ba 9.504\/1997), nenhum pedido de inscri\u00e7\u00e3o eleitoral ou de transfer\u00eancia ser\u00e1 aceito nos 150 dias que antecedem a data da vota\u00e7\u00e3o. Neste ano, o prazo para altera\u00e7\u00f5es no cadastro eleitoral se encerra no dia 8 de maio.<\/p>\n<p>Para ser atendido no F\u00f3rum Eleitoral de Vit\u00f3ria da Conquista, o interessado deve apresentar um documento oficial de identidade e um comprovante de resid\u00eancia emitido h\u00e1, no m\u00e1ximo, 3 meses.<\/p>\n","protected":false},"excerpt":{"rendered":"<p>H\u00e1 poucos dias de terminar o prazo para tirar a primeira via do t\u00edtulo, regularizar a situa\u00e7\u00e3o ou transferir o domic\u00edlio eleitoral, o F\u00f3rum Eleitoral de Vit\u00f3ria da Conquista vai ampliar o hor\u00e1rio de atendimento. A medida tem o objetivo de facilitar a situa\u00e7\u00e3o das pessoas que n\u00e3o podem ser atendidas pela manh\u00e3. Do dia [&hellip;]<\/p>\n","protected":false},"author":1,"featured_media":131256,"comment_status":"closed","ping_status":"closed","sticky":false,"template":"","format":"standard","meta":[],"categories":[212,521],"tags":[],"_links":{"self":[{"href":"https:\/\/blitzconquista.com.br\/index.php?rest_route=\/wp\/v2\/posts\/131254"}],"collection":[{"href":"https:\/\/blitzconquista.com.br\/index.php?rest_route=\/wp\/v2\/posts"}],"about":[{"href":"https:\/\/blitzconquista.com.br\/index.php?rest_route=\/wp\/v2\/types\/post"}],"author":[{"embeddable":true,"href":"https:\/\/blitzconquista.com.br\/index.php?rest_route=\/wp\/v2\/users\/1"}],"replies":[{"embeddable":true,"href":"https:\/\/blitzconquista.com.br\/index.php?rest_route=%2Fwp%2Fv2%2Fcomments&post=131254"}],"version-history":[{"count":1,"href":"https:\/\/blitzconquista.com.br\/index.php?rest_route=\/wp\/v2\/posts\/131254\/revisions"}],"predecessor-version":[{"id":131257,"href":"https:\/\/blitzconquista.com.br\/index.php?rest_route=\/wp\/v2\/posts\/131254\/revisions\/131257"}],"wp:featuredmedia":[{"embeddable":true,"href":"https:\/\/blitzconquista.com.br\/index.php?rest_route=\/wp\/v2\/media\/131256"}],"wp:attachment":[{"href":"https:\/\/blitzconquista.com.br\/index.php?rest_route=%2Fwp%2Fv2%2Fmedia&parent=131254"}],"wp:term":[{"taxonomy":"category","embeddable":true,"href":"https:\/\/blitzconquista.com.br\/index.php?rest_route=%2Fwp%2Fv2%2Fcategories&post=131254"},{"taxonomy":"post_tag","embeddable":true,"href":"https:\/\/blitzconquista.com.br\/index.php?rest_route=%2Fwp%2Fv2%2Ftags&post=131254"}],"curies":[{"name":"wp","href":"https:\/\/api.w.org\/{rel}","templated":true}]}}