{"id":131808,"date":"2024-05-16T07:41:02","date_gmt":"2024-05-16T10:41:02","guid":{"rendered":"http:\/\/blitzconquista.com.br\/?p=131808"},"modified":"2024-05-16T07:41:03","modified_gmt":"2024-05-16T10:41:03","slug":"operacao-festa-do-divino-motocicleta-roubada-e-recuperada-pela-prf-em-pocoes-ba","status":"publish","type":"post","link":"https:\/\/blitzconquista.com.br\/?p=131808","title":{"rendered":"Opera\u00e7\u00e3o Festa do Divino: Motocicleta roubada \u00e9 recuperada pela PRF em Po\u00e7\u00f5es (BA)"},"content":{"rendered":"<h3 class=\"documentDescription\" style=\"text-align: center;\">O ve\u00edculo foi roubado em 2014 na cidade de S\u00e3o Paulo<\/h3>\n<div id=\"viewlet-above-content-body\">\n<div id=\"media\"><img decoding=\"async\" loading=\"lazy\" class=\"aligncenter\" src=\"https:\/\/www.gov.br\/prf\/pt-br\/noticias\/estaduais\/bahia\/2024\/maio\/operacao-festa-do-divino-motocicleta-roubada-e-recuperada-pela-prf-em-pocoes-ba\/whatsapp-image-2024-05-15-at-10-24-36.jpeg\/@@images\/ea4edad6-5ac1-4f43-9b8c-c3031210ea6a.jpeg\" alt=\"WhatsApp Image 2024-05-15 at 10.24.36.jpeg\" width=\"768\" height=\"576\" \/><\/div>\n<\/div>\n<div id=\"content-core\">\n<div id=\"parent-fieldname-text\" class=\"\">\n<div>\n<p dir=\"ltr\">A Pol\u00edcia Rodovi\u00e1ria Federal (PRF) recuperou, na manh\u00e3 de hoje (15), uma motocicleta roubada. O fato foi registrado no Km 557 da BR 116, trecho do munic\u00edpio de Po\u00e7\u00f5es (BA).<\/p>\n<p dir=\"ltr\">Era por volta das 9 horas quando a equipe deu ordem de parada a uma Honda CG 125 de cor preta. Durante a fiscaliza\u00e7\u00e3o, os policiais constataram que a motocicleta estava com seus elementos identificadores adulterados. Ap\u00f3s uma verifica\u00e7\u00e3o detalhada foi poss\u00edvel identificar o ve\u00edculo original, que possu\u00eda uma ocorr\u00eancia de roubo registrada na cidade de S\u00e3o Paulo no ano de 2014.<\/p>\n<p dir=\"ltr\">Diante dos fatos, a ocorr\u00eancia foi encaminhada para a Delegacia de Pol\u00edcia Civil para ado\u00e7\u00e3o das medidas cab\u00edveis.<\/p>\n<\/div>\n<\/div>\n<\/div>\n<p dir=\"ltr\">\n<p dir=\"ltr\">Fonte: Nucom &#8211; PRF\/BA<\/p>\n","protected":false},"excerpt":{"rendered":"<p>O ve\u00edculo foi roubado em 2014 na cidade de S\u00e3o Paulo A Pol\u00edcia Rodovi\u00e1ria Federal (PRF) recuperou, na manh\u00e3 de hoje (15), uma motocicleta roubada. O fato foi registrado no Km 557 da BR 116, trecho do munic\u00edpio de Po\u00e7\u00f5es (BA). Era por volta das 9 horas quando a equipe deu ordem de parada a [&hellip;]<\/p>\n","protected":false},"author":1,"featured_media":131810,"comment_status":"closed","ping_status":"closed","sticky":false,"template":"","format":"standard","meta":[],"categories":[3],"tags":[],"_links":{"self":[{"href":"https:\/\/blitzconquista.com.br\/index.php?rest_route=\/wp\/v2\/posts\/131808"}],"collection":[{"href":"https:\/\/blitzconquista.com.br\/index.php?rest_route=\/wp\/v2\/posts"}],"about":[{"href":"https:\/\/blitzconquista.com.br\/index.php?rest_route=\/wp\/v2\/types\/post"}],"author":[{"embeddable":true,"href":"https:\/\/blitzconquista.com.br\/index.php?rest_route=\/wp\/v2\/users\/1"}],"replies":[{"embeddable":true,"href":"https:\/\/blitzconquista.com.br\/index.php?rest_route=%2Fwp%2Fv2%2Fcomments&post=131808"}],"version-history":[{"count":1,"href":"https:\/\/blitzconquista.com.br\/index.php?rest_route=\/wp\/v2\/posts\/131808\/revisions"}],"predecessor-version":[{"id":131811,"href":"https:\/\/blitzconquista.com.br\/index.php?rest_route=\/wp\/v2\/posts\/131808\/revisions\/131811"}],"wp:featuredmedia":[{"embeddable":true,"href":"https:\/\/blitzconquista.com.br\/index.php?rest_route=\/wp\/v2\/media\/131810"}],"wp:attachment":[{"href":"https:\/\/blitzconquista.com.br\/index.php?rest_route=%2Fwp%2Fv2%2Fmedia&parent=131808"}],"wp:term":[{"taxonomy":"category","embeddable":true,"href":"https:\/\/blitzconquista.com.br\/index.php?rest_route=%2Fwp%2Fv2%2Fcategories&post=131808"},{"taxonomy":"post_tag","embeddable":true,"href":"https:\/\/blitzconquista.com.br\/index.php?rest_route=%2Fwp%2Fv2%2Ftags&post=131808"}],"curies":[{"name":"wp","href":"https:\/\/api.w.org\/{rel}","templated":true}]}}