{"id":132042,"date":"2024-05-28T23:00:36","date_gmt":"2024-05-29T02:00:36","guid":{"rendered":"http:\/\/blitzconquista.com.br\/?p=132042"},"modified":"2024-05-28T23:03:52","modified_gmt":"2024-05-29T02:03:52","slug":"caravana-fala-ai-conquista-chega-a-rua-das-pedrinhas","status":"publish","type":"post","link":"https:\/\/blitzconquista.com.br\/?p=132042","title":{"rendered":"Caravana \u201cFala a\u00ed, Conquista!\u201d chega \u00e0 regi\u00e3o do bairro Cruzeiro"},"content":{"rendered":"<h3 style=\"text-align: center;\"><em>Vig\u00e9sima plen\u00e1ria do Programa de Governo Participativo (PGP) vai ouvir moradores de quatro bairros <\/em><\/h3>\n<p><img decoding=\"async\" loading=\"lazy\" class=\"aligncenter size-large wp-image-132045\" src=\"http:\/\/blitzconquista.com.br\/wp-content\/uploads\/2024\/05\/EB2-695x556.jpeg\" alt=\"\" width=\"695\" height=\"556\" srcset=\"https:\/\/blitzconquista.com.br\/wp-content\/uploads\/2024\/05\/EB2-695x556.jpeg 695w, https:\/\/blitzconquista.com.br\/wp-content\/uploads\/2024\/05\/EB2-300x240.jpeg 300w, https:\/\/blitzconquista.com.br\/wp-content\/uploads\/2024\/05\/EB2-768x614.jpeg 768w, https:\/\/blitzconquista.com.br\/wp-content\/uploads\/2024\/05\/EB2-1536x1229.jpeg 1536w, https:\/\/blitzconquista.com.br\/wp-content\/uploads\/2024\/05\/EB2-990x792.jpeg 990w, https:\/\/blitzconquista.com.br\/wp-content\/uploads\/2024\/05\/EB2-1320x1056.jpeg 1320w, https:\/\/blitzconquista.com.br\/wp-content\/uploads\/2024\/05\/EB2.jpeg 1600w\" sizes=\"(max-width: 695px) 100vw, 695px\" \/><\/p>\n<p>As comunidades dos bairros Cruzeiro, Pedrinhas, Petr\u00f3polis e Nova Esperan\u00e7a t\u00eam muito a dizer sobre seus problemas. E um espa\u00e7o privilegiado para que essas vozes sejam acolhidas ser\u00e1 organizado nesta quarta-feira (29), \u00e0s 19h, na rua Carlos Gomes. \u00c9 a 20a plen\u00e1ria de escuta e consulta popular organizada pelo pr\u00e9-candidato a prefeito de Vit\u00f3ria da Conquista, Waldenor Pereira (PT), como instrumento para a formula\u00e7\u00e3o do Programa de Governo Participativo (PGP).<\/p>\n<p>Nas plen\u00e1rias da caravana Fala a\u00ed, Conquista!, como o pr\u00f3prio nome sugere, o lugar de fala \u00e9 da popula\u00e7\u00e3o. As pessoas se inscrevem para expor os principais problemas que afetam suas comunidades e sugerir a\u00e7\u00f5es e investimentos que consideram importantes. A ideia \u00e9 ouvir mais para errar menos. \u201cQuando a gente planeja com anteced\u00eancia, de forma coletiva e ouvindo quem mais entende dos problemas \u2013 que \u00e9 o povo \u2013 a gente acerta muito mais. O nosso programa de governo tem esse compromisso, de dar voz \u00e0s pessoas e ser um instrumento leg\u00edtimo quanto \u00e0quilo que as comunidades realmente querem e precisam\u201d, considera o pr\u00e9-candidato Waldenor Pereira.<\/p>\n<p>No distrito de Pradoso, por exemplo, uma das demandas apontadas foi relativa \u00e0 manuten\u00e7\u00e3o e investimento em reservat\u00f3rios de \u00e1gua. \u201cA gente precisa da constru\u00e7\u00e3o de pequenas barragens e de limpeza das aguadas. Porque quando Deus manda a chuva, \u00e0s vezes a \u00e1gua vai embora porque n\u00e3o tem reservat\u00f3rio\u201d, disse o ex-presidente da associa\u00e7\u00e3o de moradores de Laranjeira, Vit\u00f3rio Ferreira.<\/p>\n<p>J\u00e1 na plen\u00e1ria do bairro Guarani, a bronca da comerciante Cristina Lima foi contra o descaso da prefeitura em rela\u00e7\u00e3o ao posto de sa\u00fade. \u201cQuando t\u00e1 chovendo, molha mais dentro do posto do que fora! N\u00e3o tem condi\u00e7\u00f5es, precisa de uma reforma no telhado, de pavimenta\u00e7\u00e3o no lado externo. Tamb\u00e9m n\u00e3o tem rampa de acessibilidade para os cadeirantes e t\u00e1 precisando consertar o muro\u201d.<\/p>\n<p>Dez bairros (Patag\u00f4nia, Bruno Bacelar, Bateias, Panorama, Jardim Val\u00e9ria, Vila Am\u00e9rica, Guarani, Miro Cairo, N.S. Aparecida e Jurema) e 9 distritos rurais (S\u00e3o Jo\u00e3o da Vit\u00f3ria, Cercadinho, Dantil\u00e2ndia, Jos\u00e9 Gon\u00e7alves, Veredinha, Igu\u00e1, S\u00e3o Sebasti\u00e3o, Pradoso e Bate-P\u00e9) j\u00e1 receberam plen\u00e1rias do PGP desde 14 de mar\u00e7o. Al\u00e9m da plen\u00e1ria desta quarta-feira, no Cruzeiro, at\u00e9 meados de junho haver\u00e1 outras duas em distritos rurais (Cabeceira da Jib\u00f3ia e Inhobim) e mais 8 na cidade (Nova Cidade, Alto Maron, Urbis VI, Lagoa das Flores, Ibirapuera, Campinhos\/Sim\u00e3o, Bairro Brasil e Zabel\u00ea).<\/p>\n<p><strong>Recep\u00e7\u00e3o calorosa<\/strong><\/p>\n<p>No \u00faltimo domingo (26), no distrito de Bate-P\u00e9, a plen\u00e1ria foi uma festa: muita gente compareceu e participou ativamente, demonstrando que quer mudan\u00e7a e que faz quest\u00e3o de pensar, coletivamente, a\u00e7\u00f5es mais justas e inclusivas para o munic\u00edpio. Pra completar, o pr\u00e9-candidato a prefeito Waldenor Pereira foi convidado para um caf\u00e9 da manh\u00e3 mais do que especial, na casa de dona Palmerinda.<\/p>\n<p>Durante a plen\u00e1ria, Waldenor confirmou a vinda do governador Jer\u00f4nimo Rodrigues a Conquista, no pr\u00f3ximo dia 07 de junho, para anunciar o in\u00edcio do t\u00e3o aguardado asfaltamento dos 21,9 km de estrada entre Pradoso e Bate-P\u00e9. Com investimento estimado de R$ 28,3 milh\u00f5es, a obra teve a autoriza\u00e7\u00e3o para a licita\u00e7\u00e3o assinada em mar\u00e7o, em Salvador, na presen\u00e7a do pr\u00e9-candidato a prefeito e dos deputados estaduais Z\u00e9 Raimundo (PT) e Fabr\u00edcio Falc\u00e3o (PCdoB).<\/p>\n","protected":false},"excerpt":{"rendered":"<p>Vig\u00e9sima plen\u00e1ria do Programa de Governo Participativo (PGP) vai ouvir moradores de quatro bairros As comunidades dos bairros Cruzeiro, Pedrinhas, Petr\u00f3polis e Nova Esperan\u00e7a t\u00eam muito a dizer sobre seus problemas. E um espa\u00e7o privilegiado para que essas vozes sejam acolhidas ser\u00e1 organizado nesta quarta-feira (29), \u00e0s 19h, na rua Carlos Gomes. \u00c9 a 20a [&hellip;]<\/p>\n","protected":false},"author":1,"featured_media":132044,"comment_status":"closed","ping_status":"closed","sticky":false,"template":"","format":"standard","meta":[],"categories":[521],"tags":[],"_links":{"self":[{"href":"https:\/\/blitzconquista.com.br\/index.php?rest_route=\/wp\/v2\/posts\/132042"}],"collection":[{"href":"https:\/\/blitzconquista.com.br\/index.php?rest_route=\/wp\/v2\/posts"}],"about":[{"href":"https:\/\/blitzconquista.com.br\/index.php?rest_route=\/wp\/v2\/types\/post"}],"author":[{"embeddable":true,"href":"https:\/\/blitzconquista.com.br\/index.php?rest_route=\/wp\/v2\/users\/1"}],"replies":[{"embeddable":true,"href":"https:\/\/blitzconquista.com.br\/index.php?rest_route=%2Fwp%2Fv2%2Fcomments&post=132042"}],"version-history":[{"count":3,"href":"https:\/\/blitzconquista.com.br\/index.php?rest_route=\/wp\/v2\/posts\/132042\/revisions"}],"predecessor-version":[{"id":132048,"href":"https:\/\/blitzconquista.com.br\/index.php?rest_route=\/wp\/v2\/posts\/132042\/revisions\/132048"}],"wp:featuredmedia":[{"embeddable":true,"href":"https:\/\/blitzconquista.com.br\/index.php?rest_route=\/wp\/v2\/media\/132044"}],"wp:attachment":[{"href":"https:\/\/blitzconquista.com.br\/index.php?rest_route=%2Fwp%2Fv2%2Fmedia&parent=132042"}],"wp:term":[{"taxonomy":"category","embeddable":true,"href":"https:\/\/blitzconquista.com.br\/index.php?rest_route=%2Fwp%2Fv2%2Fcategories&post=132042"},{"taxonomy":"post_tag","embeddable":true,"href":"https:\/\/blitzconquista.com.br\/index.php?rest_route=%2Fwp%2Fv2%2Ftags&post=132042"}],"curies":[{"name":"wp","href":"https:\/\/api.w.org\/{rel}","templated":true}]}}